{"id":51809,"date":"2023-03-03T09:12:36","date_gmt":"2023-03-03T15:12:36","guid":{"rendered":"https:\/\/mickyandoniehn.com\/radio\/2023\/03\/03\/fortaleceran-capacidades-de-empleados-de-maquilas\/"},"modified":"2023-03-03T09:12:36","modified_gmt":"2023-03-03T15:12:36","slug":"fortaleceran-capacidades-de-empleados-de-maquilas","status":"publish","type":"post","link":"https:\/\/mickyandoniehn.com\/radio\/2023\/03\/03\/fortaleceran-capacidades-de-empleados-de-maquilas\/","title":{"rendered":"Fortalecer\u00e1n capacidades de empleados de maquilas"},"content":{"rendered":"<\/p>\n<p><em><strong>Tegucigalpa.<\/strong><\/em><strong> 03.03.2023<\/strong><\/p>\n<p>El Instituto Nacional de Formaci\u00f3n Profesional (INFOP) y la Asociaci\u00f3n Hondure\u00f1a de Maquiladores (AHM) firmaron un convenio de cooperaci\u00f3n. con el prop\u00f3sito de elevar la competitividad de la industria textil, con el impulso de programas de capacitaci\u00f3n y certificaci\u00f3n que permitan mejorar el desempe\u00f1o del recurso humano de la misma.<\/p>\n<p>Ambas entidades realizar\u00e1n acciones conjuntas de formaci\u00f3n a trav\u00e9s de charlas, seminarios, conferencias, cursos presenciales, virtuales, y asistencias t\u00e9cnicas a las empresas aportantes al Infop, a los colaboradores en la industria textil, confecci\u00f3n, manufactura y servicios de exportaci\u00f3n. Asimismo, a instituciones gubernamentales, organizaciones sin fines de lucro, universidades p\u00fablicas, mediante un programa que contribuya a la generaci\u00f3n de empleo, el incremento de la productividad, competitividad, calidad y eficiencia del recurso humano hondure\u00f1o.<\/p>\n<p>El director ejecutivo del Infop, Fredis Cerrato, inst\u00f3 a otros sectores productivos a seguir el ejemplo de la AHM, en la gesti\u00f3n de formaci\u00f3n para el recurso humano de sus empresas, a trav\u00e9s de estas iniciativas que favorecen la formaci\u00f3n, asesor\u00eda t\u00e9cnica y certificaci\u00f3n por competencias laborales.<\/p>\n<p>MEJORAR\u00c1N EFICIENCIA<\/p>\n<div class=\"fs-dynamic\">\n<div class=\"up-show\">\n<div>\n<div class=\"__fs-ancillary\">\n<div class=\"__fs-branding\"><\/div>\n<\/div>\n<div class=\"upo-label\">AD<\/div>\n<\/div>\n<\/div>\n<\/div>\n<p>El director de la AHM, Arnoldo Sol\u00eds, expres\u00f3 que como sector industrial y productivo \u201cvemos la capacitaci\u00f3n como una herramienta fundamental para mejorar la eficiencia del trabajo y lograr una mejora continua, sobre todo para preparar y actualizar a los trabajadores en temas diversos que les permitir\u00e1n solucionar problemas y tomar decisiones a nivel personal y laboral\u201d.<\/p>\n<p>INFOP, junto a la AHM, beneficiar\u00e1n con formaci\u00f3n a unos 28,400 trabajadores del rubro textil, maquilador y manufacturero, contribuyendo a mantener la competitividad de este sector productivo a nivel internacional.<\/p>\n<p>Las acciones enmarcadas en el presente convenio est\u00e1n alineadas con el objetivo estrat\u00e9gico sectorial de \u201cLograr un crecimiento econ\u00f3mico acelerado, incluyente y sostenible, para incrementar el empleo y reducir la pobreza, mediante la estabilidad macroecon\u00f3mica, mejoramiento del clima de negocios y de la competitividad, para favorecer la atracci\u00f3n de inversiones\u201d.<\/p>\n<p>Fuente: latribuna.hn<\/p>\n","protected":false},"excerpt":{"rendered":"<p>Tegucigalpa. 03.03.2023 El Instituto Nacional de Formaci\u00f3n Profesional (INFOP) y la Asociaci\u00f3n Hondure\u00f1a de Maquiladores (AHM) firmaron un convenio de cooperaci\u00f3n. con el prop\u00f3sito de elevar la competitividad de la industria textil, con el impulso de programas de capacitaci\u00f3n y certificaci\u00f3n que permitan mejorar el desempe\u00f1o del recurso humano de la misma. Ambas entidades realizar\u00e1n &hellip;<\/p>\n","protected":false},"author":0,"featured_media":51810,"comment_status":"open","ping_status":"open","sticky":false,"template":"","format":"standard","meta":{"_jetpack_memberships_contains_paid_content":false,"footnotes":""},"categories":[5],"tags":[],"class_list":["post-51809","post","type-post","status-publish","format-standard","has-post-thumbnail","","category-noticias"],"jetpack_sharing_enabled":true,"jetpack_featured_media_url":"https:\/\/mickyandoniehn.com\/radio\/wp-content\/uploads\/2023\/03\/CONVENIO-INFOP-4wdJ5W.jpeg","_links":{"self":[{"href":"https:\/\/mickyandoniehn.com\/radio\/wp-json\/wp\/v2\/posts\/51809","targetHints":{"allow":["GET"]}}],"collection":[{"href":"https:\/\/mickyandoniehn.com\/radio\/wp-json\/wp\/v2\/posts"}],"about":[{"href":"https:\/\/mickyandoniehn.com\/radio\/wp-json\/wp\/v2\/types\/post"}],"replies":[{"embeddable":true,"href":"https:\/\/mickyandoniehn.com\/radio\/wp-json\/wp\/v2\/comments?post=51809"}],"version-history":[{"count":0,"href":"https:\/\/mickyandoniehn.com\/radio\/wp-json\/wp\/v2\/posts\/51809\/revisions"}],"wp:featuredmedia":[{"embeddable":true,"href":"https:\/\/mickyandoniehn.com\/radio\/wp-json\/wp\/v2\/media\/51810"}],"wp:attachment":[{"href":"https:\/\/mickyandoniehn.com\/radio\/wp-json\/wp\/v2\/media?parent=51809"}],"wp:term":[{"taxonomy":"category","embeddable":true,"href":"https:\/\/mickyandoniehn.com\/radio\/wp-json\/wp\/v2\/categories?post=51809"},{"taxonomy":"post_tag","embeddable":true,"href":"https:\/\/mickyandoniehn.com\/radio\/wp-json\/wp\/v2\/tags?post=51809"}],"curies":[{"name":"wp","href":"https:\/\/api.w.org\/{rel}","templated":true}]}}