{"id":51795,"date":"2023-03-03T08:12:34","date_gmt":"2023-03-03T14:12:34","guid":{"rendered":"http:\/\/mickyandoniehn.com\/radio\/2023\/03\/03\/sopa-de-tortas-de-pescado-sera-un-lujo-para-muchos-hondurenos\/"},"modified":"2023-03-03T08:12:34","modified_gmt":"2023-03-03T14:12:34","slug":"sopa-de-tortas-de-pescado-sera-un-lujo-para-muchos-hondurenos","status":"publish","type":"post","link":"https:\/\/mickyandoniehn.com\/radio\/2023\/03\/03\/sopa-de-tortas-de-pescado-sera-un-lujo-para-muchos-hondurenos\/","title":{"rendered":"Sopa de tortas de pescado ser\u00e1 un lujo para muchos hondure\u00f1os"},"content":{"rendered":"<\/p>\n<p><strong>Tegucigalpa. 03.03.2023<\/strong><\/p>\n<p>La sopa de tortas de pescado seco estar\u00e1 ausente en la mesa de decenas de hogares de escasos recursos por el fen\u00f3meno de especulaci\u00f3n, que ahora se traslada al precio de este alimento con alta demanda desde la antesala de Semana Santa.<\/p>\n<p>Consumidores organizados adelantaron que este caldo de pescado seco, con masa de ma\u00edz, pr\u00e1cticamente ser\u00e1 un lujo para hogares pobres por el alto costo que registra el huevo, otro ingrediente indispensable para la elaboraci\u00f3n.<\/p>\n<p>El cart\u00f3n de blanquillos grandes sigue por las nubes a 150 lempiras en mercados y a 125 lempiras en la Feria del Agricultor y del Artesano, pero despu\u00e9s de hacer enormes filas de hasta 40 minutos bajo el inclemente sol.<\/p>\n<div class=\"lg:w-[748px] lg:mx-auto\"><\/div>\n<p>Esta temporada veraniega es \u00fanica para el consumo de pescado seco y fresco tra\u00eddos desde diferentes zonas a mercados y supermercados para su comercializaci\u00f3n.<\/p>\n<div class=\"fs-dynamic\">\n<div class=\"up-show\">\n<div class=\"ahover\">\n<div class=\"upo-label\">AD<\/div>\n<\/div>\n<div>\n<div class=\"__fs-ancillary\">\n<div class=\"__fs-branding\"><\/div>\n<\/div>\n<\/div>\n<\/div>\n<\/div>\n<p>Comerciantes ya ofrecen desde sardinas hasta ejemplares de gran peso y valor, pero igual que con otros productos, sube de costo por influencia de intermediarios que compran en grandes cantidades a empresas, tripulaci\u00f3n y pescadores artesanales.<\/p>\n<p>Vendedores de mariscos del capitalino mercado La Isla confirmaron un aumento de diez lempiras, respecto al 2022, a un mes para el inicio de la Semana Santa, del 2 al 8 de abril del 2023.<\/p>\n<p>La encargada del puesto Mariscos Puerto Grande, Lil\u00ed Corrales, inform\u00f3 que la libra de cecina cuesta 100 lempiras, el bagre lo ofreci\u00f3 a 80 y de robalo a 120 lempiras.<\/p>\n<div class=\"lg:w-[748px] lg:mx-auto\"><\/div>\n<p>No obstante, el costo incrementa cuando el producto procede de la zona sur de Honduras, para el caso la libra de robalo sure\u00f1o se dispar\u00f3 a 250 lempiras.<\/p>\n<div class=\"fs-dynamic\">\n<div class=\"up-show\">\n<div class=\"ahover\">\n<div class=\"upo-label\">AD<\/div>\n<\/div>\n<div>\n<div class=\"__fs-ancillary\">\n<div class=\"__fs-branding\"><\/div>\n<\/div>\n<\/div>\n<\/div>\n<\/div>\n<p>Igual comportamiento se da con el pargo del norte que vale 100 lempiras, sin embargo, el pargo del sur se elev\u00f3 a 250 lempiras. Un pescado entero de momento se consigue a 140 lempiras, dependiendo de su peso. La diferencia en especies del sur y del norte, se basa en los cortes, secado con luz solar o a base de sal.<\/p>\n<p>La opci\u00f3n con rayos solares procede de la zona sur, donde el sol cala con mayor fuerza y representa una alternativa saludable para personas hipertensas, en comparaci\u00f3n con el producto conservado con sal marina. El precio, se explic\u00f3 tambi\u00e9n por la espera y el cuidado que se le da al producto durante el proceso a que es sometido para perder la humedad.<\/p>\n<p>Muchas amas de casa que entienden este juego de precios, empezaron a abastecerse desde ya. Algunas captan de inmediato si proviene del Golfo de Fonseca fronterizo con Nicaragua o del Atl\u00e1ntico hondure\u00f1o.<\/p>\n<p>Otras jefas de familia, se dejan llevar por la carnocidad y el costo, esmeradas por preparar el exquisito platillo que unir\u00e1 a la familia, en especial quienes regresan de lejos al hogar para compartir, como se ha acostumbrado por generaciones hondure\u00f1as, durante el Jueves o el Viernes Santo.<\/p>\n<p>Fuente: latribuna.hn<\/p>\n<p>\u00a0<\/p>\n","protected":false},"excerpt":{"rendered":"<p>Tegucigalpa. 03.03.2023 La sopa de tortas de pescado seco estar\u00e1 ausente en la mesa de decenas de hogares de escasos recursos por el fen\u00f3meno de especulaci\u00f3n, que ahora se traslada al precio de este alimento con alta demanda desde la antesala de Semana Santa. Consumidores organizados adelantaron que este caldo de pescado seco, con masa &hellip;<\/p>\n","protected":false},"author":0,"featured_media":51796,"comment_status":"open","ping_status":"open","sticky":false,"template":"","format":"standard","meta":{"_jetpack_memberships_contains_paid_content":false,"footnotes":""},"categories":[5],"tags":[],"class_list":["post-51795","post","type-post","status-publish","format-standard","has-post-thumbnail","","category-noticias"],"jetpack_sharing_enabled":true,"jetpack_featured_media_url":"https:\/\/mickyandoniehn.com\/radio\/wp-content\/uploads\/2023\/03\/PESCADO-SECO-1-VVRjmj.jpeg","_links":{"self":[{"href":"https:\/\/mickyandoniehn.com\/radio\/wp-json\/wp\/v2\/posts\/51795","targetHints":{"allow":["GET"]}}],"collection":[{"href":"https:\/\/mickyandoniehn.com\/radio\/wp-json\/wp\/v2\/posts"}],"about":[{"href":"https:\/\/mickyandoniehn.com\/radio\/wp-json\/wp\/v2\/types\/post"}],"replies":[{"embeddable":true,"href":"https:\/\/mickyandoniehn.com\/radio\/wp-json\/wp\/v2\/comments?post=51795"}],"version-history":[{"count":0,"href":"https:\/\/mickyandoniehn.com\/radio\/wp-json\/wp\/v2\/posts\/51795\/revisions"}],"wp:featuredmedia":[{"embeddable":true,"href":"https:\/\/mickyandoniehn.com\/radio\/wp-json\/wp\/v2\/media\/51796"}],"wp:attachment":[{"href":"https:\/\/mickyandoniehn.com\/radio\/wp-json\/wp\/v2\/media?parent=51795"}],"wp:term":[{"taxonomy":"category","embeddable":true,"href":"https:\/\/mickyandoniehn.com\/radio\/wp-json\/wp\/v2\/categories?post=51795"},{"taxonomy":"post_tag","embeddable":true,"href":"https:\/\/mickyandoniehn.com\/radio\/wp-json\/wp\/v2\/tags?post=51795"}],"curies":[{"name":"wp","href":"https:\/\/api.w.org\/{rel}","templated":true}]}}