{"id":51755,"date":"2023-03-02T11:12:46","date_gmt":"2023-03-02T17:12:46","guid":{"rendered":"https:\/\/mickyandoniehn.com\/radio\/2023\/03\/02\/catracho-que-triunfa-en-inglaterra-propone-unir-esfuerzos-para-promocionar-el-cafe-hondureno\/"},"modified":"2023-03-02T11:12:46","modified_gmt":"2023-03-02T17:12:46","slug":"catracho-que-triunfa-en-inglaterra-propone-unir-esfuerzos-para-promocionar-el-cafe-hondureno","status":"publish","type":"post","link":"https:\/\/mickyandoniehn.com\/radio\/2023\/03\/02\/catracho-que-triunfa-en-inglaterra-propone-unir-esfuerzos-para-promocionar-el-cafe-hondureno\/","title":{"rendered":"Catracho que triunfa en Inglaterra propone unir esfuerzos para promocionar el caf\u00e9 hondure\u00f1o"},"content":{"rendered":"<\/p>\n<p><strong>Tegucigalpa. 02.03.2023<\/strong><\/p>\n<p>El potencial del caf\u00e9 hondure\u00f1o es tal que en Inglaterra un pa\u00eds tradicionalmente amante del t\u00e9, se abre camino exitosamente entre los paladares m\u00e1s exigentes en urbes como la londinense, asegur\u00f3 un empresario hondure\u00f1o del rubro al culminar una gira de trabajo por el pa\u00eds.<\/p>\n<p>Wilmer C\u00e1rcamo es el due\u00f1o Caribe Coffee Co., una marca del arom\u00e1tico que crece vertiginosamente en el Reino Unidos y que esta semana concluy\u00f3 una gira de trabajo por zonas cafetaleras y reuniones con autoridades del rubro.<\/p>\n<p>Al momento de retirarse convers\u00f3 con\u00a0<em><strong>LA TRIBUNA<\/strong><\/em>\u00a0y recomend\u00f3 un trabajo conjunto p\u00fablico y privado para llevar a la c\u00faspide el arom\u00e1tico catracho porque los atributos de los granos que producen miles de caficultores son de alta calidad.<\/p>\n<p>Se reuni\u00f3 con las autoridades del Instituto Hondure\u00f1o del Caf\u00e9 (Ihcaf\u00e9), al presidente del organismo, Pedro Mendoza le coment\u00f3 de las grandes oportunidades que hay si se hace un trabajo en conjunto en favor del grano y los productores.<\/p>\n<p>\u201cLa respuesta fue muy positiva, el se\u00f1or Pedro Mendoza es una persona que nos recibi\u00f3 muy bien y escuch\u00f3\u201d, apunt\u00f3. Tambi\u00e9n se entrevist\u00f3 con el presidente de la Comisi\u00f3n Nacional del Caf\u00e9 (Conacaf\u00e9), Omar F\u00fanez, y de igual forma, enfatiz\u00f3 en que \u201csi nosotros nos unimos como pa\u00eds a promoverlo como productor de caf\u00e9 y promover todo lo bueno, creo que lograr\u00edamos m\u00e1s\u201d.<\/p>\n<div class=\"lg:w-[748px] lg:mx-auto\"><\/div>\n<p>\u201cYo lo voy a seguir haciendo\u201d, a partir de Caribe Coffee Co., una empresa cien por ciento hondure\u00f1a. \u201cPero les dec\u00eda a ellos que la visi\u00f3n es que nos unamos tanto sector p\u00fablico y privado para poder trabajar; el recibimiento fue muy positivo\u201d, coment\u00f3 C\u00e1rcamo antes de abandonar el pa\u00eds.<\/p>\n<p>El emprendedor del rubro, es de la tesis que en su caso \u00e9l promueve el caf\u00e9 en el Reino Unido y esa promoci\u00f3n le sirve a otros empresarios catrachos y de esta forma ir creando una cadena de beneficios alrededor de la calidad del arom\u00e1tico catracho.<\/p>\n<p>\u201cEs unirnos todos en proyectos de publicidad y representar a Honduras de la mejor forma, representar a los productores de la mejor forma\u201d, ya que son el primer eslab\u00f3n de la cadena, enfatiz\u00f3 el entrevistado.<\/p>\n<div class=\"fs-dynamic\">\n<div>\n<div>\n<div class=\"__fs-ancillary\">\n<div class=\"__fs-branding\">Es del criterio que a los productores se les debe incentivar \u201ccon una paga buena, es decir que todos nos beneficiamos, que no haya muchos intermediarios, pero todos nos tendr\u00edamos que unir\u201d, recalc\u00f3.<\/div>\n<\/div>\n<\/div>\n<\/div>\n<\/div>\n<p>A minutos de abordar el avi\u00f3n con destino a Londres, agradeci\u00f3 las buenas gestiones y apoyo dado por el embajador de Honduras ante el Reino Unido, Iv\u00e1n Romero que, adem\u00e1s, ocupa importantes cargos y reconocimientos en la diplomacia del caf\u00e9 internacional.<em><strong>\u00a0(JB)<\/strong><\/em><\/p>\n<p>Fuente: laribuna.hn<\/p>\n","protected":false},"excerpt":{"rendered":"<p>Tegucigalpa. 02.03.2023 El potencial del caf\u00e9 hondure\u00f1o es tal que en Inglaterra un pa\u00eds tradicionalmente amante del t\u00e9, se abre camino exitosamente entre los paladares m\u00e1s exigentes en urbes como la londinense, asegur\u00f3 un empresario hondure\u00f1o del rubro al culminar una gira de trabajo por el pa\u00eds. Wilmer C\u00e1rcamo es el due\u00f1o Caribe Coffee Co., &hellip;<\/p>\n","protected":false},"author":0,"featured_media":51756,"comment_status":"open","ping_status":"open","sticky":false,"template":"","format":"standard","meta":{"_jetpack_memberships_contains_paid_content":false,"footnotes":""},"categories":[5],"tags":[],"class_list":["post-51755","post","type-post","status-publish","format-standard","has-post-thumbnail","","category-noticias"],"jetpack_sharing_enabled":true,"jetpack_featured_media_url":"https:\/\/mickyandoniehn.com\/radio\/wp-content\/uploads\/2023\/03\/caribe-cafe-CxjykB.jpeg","_links":{"self":[{"href":"https:\/\/mickyandoniehn.com\/radio\/wp-json\/wp\/v2\/posts\/51755","targetHints":{"allow":["GET"]}}],"collection":[{"href":"https:\/\/mickyandoniehn.com\/radio\/wp-json\/wp\/v2\/posts"}],"about":[{"href":"https:\/\/mickyandoniehn.com\/radio\/wp-json\/wp\/v2\/types\/post"}],"replies":[{"embeddable":true,"href":"https:\/\/mickyandoniehn.com\/radio\/wp-json\/wp\/v2\/comments?post=51755"}],"version-history":[{"count":0,"href":"https:\/\/mickyandoniehn.com\/radio\/wp-json\/wp\/v2\/posts\/51755\/revisions"}],"wp:featuredmedia":[{"embeddable":true,"href":"https:\/\/mickyandoniehn.com\/radio\/wp-json\/wp\/v2\/media\/51756"}],"wp:attachment":[{"href":"https:\/\/mickyandoniehn.com\/radio\/wp-json\/wp\/v2\/media?parent=51755"}],"wp:term":[{"taxonomy":"category","embeddable":true,"href":"https:\/\/mickyandoniehn.com\/radio\/wp-json\/wp\/v2\/categories?post=51755"},{"taxonomy":"post_tag","embeddable":true,"href":"https:\/\/mickyandoniehn.com\/radio\/wp-json\/wp\/v2\/tags?post=51755"}],"curies":[{"name":"wp","href":"https:\/\/api.w.org\/{rel}","templated":true}]}}