{"id":51749,"date":"2023-03-02T11:12:43","date_gmt":"2023-03-02T17:12:43","guid":{"rendered":"https:\/\/mickyandoniehn.com\/radio\/2023\/03\/02\/retoman-mejoras-viales-en-salida-al-sur-de-la-capital\/"},"modified":"2023-03-02T11:12:43","modified_gmt":"2023-03-02T17:12:43","slug":"retoman-mejoras-viales-en-salida-al-sur-de-la-capital","status":"publish","type":"post","link":"https:\/\/mickyandoniehn.com\/radio\/2023\/03\/02\/retoman-mejoras-viales-en-salida-al-sur-de-la-capital\/","title":{"rendered":"Retoman mejoras viales en salida al sur de la capital"},"content":{"rendered":"<\/p>\n<p><strong>Tegucigalpa. 02.03.2023<\/strong><\/p>\n<p>Las autoridades de la Alcald\u00eda Municipal del Distrito Central (AMDC), tras reuniones con representantes de la empresa constructora y supervisora, a cargo del proyecto en la salida al sur de la capital, anunciaron que este jueves 2 de marzo retoman las obras.<\/p>\n<p>Los trabajos consisten en una ampliaci\u00f3n de un tercer carril en la salida al sur de la capital, en la actualidad, las obras de ampliaci\u00f3n del tercer carril se encuentran en un 62 por ciento y en el caso de los trabajos en el puente Germania avanzan en un 42 por ciento de su ejecuci\u00f3n.<\/p>\n<p>El representante de las comunidades del sur de la ciudad, Pablo Lagos, dijo que, \u201cel proyecto se reinicia el d\u00eda de ma\u00f1ana y sigamos con la paciencia que hemos tenido actualmente mientras el proyecto se va desarrollando, tambi\u00e9n seamos parte del cuidado de la nueva infraestructura que se va a hacer para que sea \u00fatil para nosotros\u201d.<\/p>\n<p>Por su parte, el jefe de infraestructura mayor de la Direcci\u00f3n de Control y Seguimiento de la AMDC, Abel Gamero, enfatiz\u00f3 que los representantes de las comunidades plasmaron sus inquietudes y fueron veedores en la reuni\u00f3n.<\/p>\n<p>Fuente: latribuna.hn<\/p>\n","protected":false},"excerpt":{"rendered":"<p>Tegucigalpa. 02.03.2023 Las autoridades de la Alcald\u00eda Municipal del Distrito Central (AMDC), tras reuniones con representantes de la empresa constructora y supervisora, a cargo del proyecto en la salida al sur de la capital, anunciaron que este jueves 2 de marzo retoman las obras. Los trabajos consisten en una ampliaci\u00f3n de un tercer carril en &hellip;<\/p>\n","protected":false},"author":0,"featured_media":51750,"comment_status":"open","ping_status":"open","sticky":false,"template":"","format":"standard","meta":{"_jetpack_memberships_contains_paid_content":false,"footnotes":""},"categories":[5],"tags":[],"class_list":["post-51749","post","type-post","status-publish","format-standard","has-post-thumbnail","","category-noticias"],"jetpack_sharing_enabled":true,"jetpack_featured_media_url":"https:\/\/mickyandoniehn.com\/radio\/wp-content\/uploads\/2023\/03\/CARRETERA-AL-SUR-vXLPTu.jpeg","_links":{"self":[{"href":"https:\/\/mickyandoniehn.com\/radio\/wp-json\/wp\/v2\/posts\/51749","targetHints":{"allow":["GET"]}}],"collection":[{"href":"https:\/\/mickyandoniehn.com\/radio\/wp-json\/wp\/v2\/posts"}],"about":[{"href":"https:\/\/mickyandoniehn.com\/radio\/wp-json\/wp\/v2\/types\/post"}],"replies":[{"embeddable":true,"href":"https:\/\/mickyandoniehn.com\/radio\/wp-json\/wp\/v2\/comments?post=51749"}],"version-history":[{"count":0,"href":"https:\/\/mickyandoniehn.com\/radio\/wp-json\/wp\/v2\/posts\/51749\/revisions"}],"wp:featuredmedia":[{"embeddable":true,"href":"https:\/\/mickyandoniehn.com\/radio\/wp-json\/wp\/v2\/media\/51750"}],"wp:attachment":[{"href":"https:\/\/mickyandoniehn.com\/radio\/wp-json\/wp\/v2\/media?parent=51749"}],"wp:term":[{"taxonomy":"category","embeddable":true,"href":"https:\/\/mickyandoniehn.com\/radio\/wp-json\/wp\/v2\/categories?post=51749"},{"taxonomy":"post_tag","embeddable":true,"href":"https:\/\/mickyandoniehn.com\/radio\/wp-json\/wp\/v2\/tags?post=51749"}],"curies":[{"name":"wp","href":"https:\/\/api.w.org\/{rel}","templated":true}]}}