{"id":50612,"date":"2023-02-20T10:12:57","date_gmt":"2023-02-20T16:12:57","guid":{"rendered":"http:\/\/mickyandoniehn.com\/radio\/2023\/02\/20\/tripartidismo-pacta-reformas-en-la-eleccion-de-fiscales-del-ministerio-publico\/"},"modified":"2023-02-20T10:12:57","modified_gmt":"2023-02-20T16:12:57","slug":"tripartidismo-pacta-reformas-en-la-eleccion-de-fiscales-del-ministerio-publico","status":"publish","type":"post","link":"https:\/\/mickyandoniehn.com\/radio\/2023\/02\/20\/tripartidismo-pacta-reformas-en-la-eleccion-de-fiscales-del-ministerio-publico\/","title":{"rendered":"Tripartidismo pacta reformas en la elecci\u00f3n de fiscales del Ministerio P\u00fablico"},"content":{"rendered":"<p><strong>Tegucigalpa,Honduras lunes 20 febrero 2023<\/strong><\/p>\n<\/p>\n<p>El vicepresidente del Congreso Nacional (CN), Rasel Tom\u00e9, confirm\u00f3 que el Partido Libertad y Refundaci\u00f3n (Libre), Partido Nacional (PN) y Liberal, firmaron un pacto para la consensuar la nueva elecci\u00f3n de los fiscales del Ministerio P\u00fablico (MP).<\/p>\n<p>En ese sentido, Tom\u00e9\u00a0inform\u00f3 que este acto implica reformas constitucionales que obligatoriamente deber\u00e1n pasar por consensos.<\/p>\n<p>\u201cEsa podr\u00eda ser opci\u00f3n, las tres fuerzas pol\u00edticas, nadie puede desconocer que en estos acuerdos se ha platicado con el Partido Nacional y Partido Liberal, se trat\u00f3 de dialogar con el Partido Salvador de Honduras, seguiremos construyendo\u201d, dijo Tome.<\/p>\n<p>El pacto que a\u00fan no es p\u00fablico, ha sido consensuado, al grado que el mismo\u00a0Partido Nacional\u00a0confirm\u00f3 apoyar la reforma al art\u00edculo 232 de la\u00a0Constituci\u00f3n de la Rep\u00fablica\u00a0para dar potestad querellante a la Comisi\u00f3n Internacional contra la Corrupci\u00f3n e Impunidad en Honduras (CICIH).<\/p>\n<p>\u201cAcaba de discutirse con las reformas que propongan los dem\u00e1s partidos pol\u00edticos ratificarse en otra legislatura el pr\u00f3ximo a\u00f1o\u201d, expres\u00f3 el diputado nacionalista,\u00a0Antonio Rivera Callejas.<\/p>\n<p><a href=\"https:\/\/hondudiario.com\/wp-content\/uploads\/2021\/03\/WhatsApp-Image-2021-03-04-at-4.10.44-PM-2.jpeg\"><br \/>\nDesde el\u00a0Partido Liberal\u00a0se asever\u00f3 que estas reformas planteadas por los tres partidos mayoritarios tambi\u00e9n buscan otorgar al\u00a0Fiscal Adjunto\u00a0mayores potestades.<\/a><\/p>\n<p><a href=\"https:\/\/hondudiario.com\/wp-content\/uploads\/2021\/03\/WhatsApp-Image-2021-03-04-at-4.10.44-PM-2.jpeg\">\u201cAumentar su presupuesto, as\u00ed como tambi\u00e9n poder brindar al fiscal adjunto mayores funciones para ser m\u00e1s eficaz sus labores\u201d, coment\u00f3\u00a0el parlamentario Marlon Lara.<\/a><\/p>\n<p><a href=\"https:\/\/hondudiario.com\/wp-content\/uploads\/2021\/03\/WhatsApp-Image-2021-03-04-at-4.10.44-PM-2.jpeg\">Sin embargo, el\u00a0Partido Salvador de Honduras\u00a0(PSH), qued\u00f3 al margen asegurando que este pacto busca reformar la ley para otorgar a\u00a0rango constitucional\u00a0al director de fiscales.<\/a><\/p>\n<p><a href=\"https:\/\/hondudiario.com\/wp-content\/uploads\/2021\/03\/WhatsApp-Image-2021-03-04-at-4.10.44-PM-2.jpeg\">\u201cQuieren repartirse entre los tres partidos tradicionales, porque el director de fiscales es un subordinado del\u00a0Fiscal General y del\u00a0Fiscal Adjunto\u201d, dijo la diputada del PSH, Maribel Espinoza.<\/a><\/p>\n<p><a href=\"https:\/\/hondudiario.com\/wp-content\/uploads\/2021\/03\/WhatsApp-Image-2021-03-04-at-4.10.44-PM-2.jpeg\">La cr\u00edtica desde los sectores pol\u00edticos que no firmaron el pacto radica en los verdaderos acuerdos \u201cbajo la mesa\u201d que esto implica.<\/a><\/p>\n<p><a href=\"https:\/\/hondudiario.com\/wp-content\/uploads\/2021\/03\/WhatsApp-Image-2021-03-04-at-4.10.44-PM-2.jpeg\"><strong>El proceso<\/strong><\/a><\/p>\n<p><a href=\"https:\/\/hondudiario.com\/wp-content\/uploads\/2021\/03\/WhatsApp-Image-2021-03-04-at-4.10.44-PM-2.jpeg\">El Congreso Nacional tendr\u00e1 la enorme responsabilidad de elegir, una vez m\u00e1s, al fiscal general y al fiscal general adjunto de la Rep\u00fablica. \u00d3scar Chinchilla y Daniel Sibri\u00e1n, que actualmente ostentan dichos cargos respectivamente, vacar\u00e1n en sus funciones el 31 de agosto de 2023.<\/a><\/p>\n<p><a href=\"https:\/\/hondudiario.com\/wp-content\/uploads\/2023\/02\/fiscal.219_LP1192916_MG72217390.jpg\"><br \/>\nEl proceso destinado a la proposici\u00f3n y elecci\u00f3n del fiscal general y del fiscal general adjunto es similar al que se ejerce con las magistradas y los magistrados de la Corte Suprema de Justicia. La Constituci\u00f3n de la Rep\u00fablica, en su art\u00edculo 233, establece que le corresponder\u00e1 a una Junta Proponente evaluar a los postulantes y nominar a los cinco candidatos id\u00f3neos para ocupar el cargo.<\/a><\/p>\n<p><a href=\"https:\/\/hondudiario.com\/wp-content\/uploads\/2023\/02\/fiscal.219_LP1192916_MG72217390.jpg\">La Junta Proponente est\u00e1 integrada por el presidente de la Corte Suprema de Justicia (quien la presidir\u00e1) y un magistrado designado por el pleno; el Comisionado Nacional de los Derechos Humanos; un representante de la Universidad Nacional Aut\u00f3noma de Honduras y un representante de una universidad privada; un representante del Colegio de Abogados de Honduras; y un representante de la sociedad civil.<\/a><\/p>\n<p><a href=\"https:\/\/hondudiario.com\/wp-content\/uploads\/2023\/02\/fiscal.219_LP1192916_MG72217390.jpg\">Una vez instalada, la Junta Proponente recibir\u00e1 las postulaciones de las y los postulantes al cargo de fiscal general o fiscal general adjunto, quienes deber\u00e1n cumplir con los requisitos que se\u00f1ala el art\u00edculo 19 de la Ley del Ministerio P\u00fablico.<\/a><\/p>\n<p><a href=\"https:\/\/hondudiario.com\/wp-content\/uploads\/2023\/02\/fiscal.219_LP1192916_MG72217390.jpg\">Posteriormente, esta junta de proponentes abrir\u00e1 un expediente para cada postulante y los escuchar\u00e1 en audiencias p\u00fablicas. La Junta Proponente evaluar\u00e1 los siguientes criterios: conocimientos jur\u00eddicos y conocimiento de la normativa y organizaci\u00f3n del Ministerio P\u00fablico. Despu\u00e9s de ello, les otorgar\u00e1 una puntuaci\u00f3n y nominar\u00e1 ante el Congreso Nacional a las y los que obtengan las cinco mejores evaluaciones.<\/a><\/p>\n<p><a href=\"https:\/\/hondudiario.com\/wp-content\/uploads\/2023\/02\/fiscal.219_LP1192916_MG72217390.jpg\">Las diputadas y los diputados del Congreso Nacional, en una elecci\u00f3n de segundo grado, seleccionar\u00e1n con al menos 86 votos a las personas que se desempe\u00f1ar\u00e1n como fiscal general y fiscal general adjunto en el per\u00edodo 2023-2028. El inter\u00e9s de los grupos de poder pol\u00edtico y econ\u00f3mico, nuevamente, intentar\u00e1n colocar a personajes afines a sus intereses.<\/a><\/p>\n<p><strong>Fuente: Proceso Digital<\/strong><\/p>\n","protected":false},"excerpt":{"rendered":"<p>Tegucigalpa,Honduras lunes 20 febrero 2023 El vicepresidente del Congreso Nacional (CN), Rasel Tom\u00e9, confirm\u00f3 que el Partido Libertad y Refundaci\u00f3n (Libre), Partido Nacional (PN) y Liberal, firmaron un pacto para la consensuar la nueva elecci\u00f3n de los fiscales del Ministerio P\u00fablico (MP). En ese sentido, Tom\u00e9\u00a0inform\u00f3 que este acto implica reformas constitucionales que obligatoriamente deber\u00e1n &hellip;<\/p>\n","protected":false},"author":0,"featured_media":50613,"comment_status":"open","ping_status":"open","sticky":false,"template":"","format":"standard","meta":{"_jetpack_memberships_contains_paid_content":false,"footnotes":""},"categories":[5],"tags":[],"class_list":["post-50612","post","type-post","status-publish","format-standard","has-post-thumbnail","","category-noticias"],"jetpack_sharing_enabled":true,"jetpack_featured_media_url":"https:\/\/mickyandoniehn.com\/radio\/wp-content\/uploads\/2023\/02\/286cb1c1-fce2-4dbe-9dc7-152642094c4f-uwAkxy.jpeg","_links":{"self":[{"href":"https:\/\/mickyandoniehn.com\/radio\/wp-json\/wp\/v2\/posts\/50612","targetHints":{"allow":["GET"]}}],"collection":[{"href":"https:\/\/mickyandoniehn.com\/radio\/wp-json\/wp\/v2\/posts"}],"about":[{"href":"https:\/\/mickyandoniehn.com\/radio\/wp-json\/wp\/v2\/types\/post"}],"replies":[{"embeddable":true,"href":"https:\/\/mickyandoniehn.com\/radio\/wp-json\/wp\/v2\/comments?post=50612"}],"version-history":[{"count":0,"href":"https:\/\/mickyandoniehn.com\/radio\/wp-json\/wp\/v2\/posts\/50612\/revisions"}],"wp:featuredmedia":[{"embeddable":true,"href":"https:\/\/mickyandoniehn.com\/radio\/wp-json\/wp\/v2\/media\/50613"}],"wp:attachment":[{"href":"https:\/\/mickyandoniehn.com\/radio\/wp-json\/wp\/v2\/media?parent=50612"}],"wp:term":[{"taxonomy":"category","embeddable":true,"href":"https:\/\/mickyandoniehn.com\/radio\/wp-json\/wp\/v2\/categories?post=50612"},{"taxonomy":"post_tag","embeddable":true,"href":"https:\/\/mickyandoniehn.com\/radio\/wp-json\/wp\/v2\/tags?post=50612"}],"curies":[{"name":"wp","href":"https:\/\/api.w.org\/{rel}","templated":true}]}}