{"id":45550,"date":"2023-01-08T07:12:34","date_gmt":"2023-01-08T13:12:34","guid":{"rendered":"https:\/\/mickyandoniehn.com\/radio\/2023\/01\/08\/vaticano-recauda-casi-300-000-dolares-para-ucrania\/"},"modified":"2023-01-08T07:12:34","modified_gmt":"2023-01-08T13:12:34","slug":"vaticano-recauda-casi-300-000-dolares-para-ucrania","status":"publish","type":"post","link":"https:\/\/mickyandoniehn.com\/radio\/2023\/01\/08\/vaticano-recauda-casi-300-000-dolares-para-ucrania\/","title":{"rendered":"Vaticano recauda casi 300.000 d\u00f3lares para Ucrania"},"content":{"rendered":"<p><strong>Tegucigalpa,Honduras domingo 08 enero \u00a02023<\/strong><\/p>\n<\/p>\n<p>El <a href=\"https:\/\/www.dw.com\/es\/vaticano\/t-17410629\">Vaticano<\/a> ha recaudado hasta el momento\u00a0280.000 euros a trav\u00e9s de una plataforma de <a href=\"https:\/\/www.dw.com\/es\/papa-francisco-pide-ahorrar-en-navidad-y-enviar-el-dinero-a-ucrania\/a-64092103\">peque\u00f1as donaciones<\/a> para comprar ropa t\u00e9rmica para la poblaci\u00f3n ucraniana, una cantidad superior a la prevista.<\/p>\n<p>\u00abSu generosidad ha sido incre\u00edble\u00bb, expres\u00f3 este s\u00e1bado (07.01.2022) el cardenal Konrad Krajewski, que dirige el Dicasterio para la Caridad del Vaticano.<\/p>\n<p>\u00abGracias porque esta navidad ha sido verdaderamente cristiana\u00bb, dijo\u00a0el limosnero del <a href=\"https:\/\/www.dw.com\/es\/papa-francisco\/t-17409704\">papa Francisco<\/a>en un video.<\/p>\n<p>Dado que la suma recaudada fue superior a la prevista, \u00abtambi\u00e9n hemos podido comprar generadores, necesarios para sobrevivir en esta \u00e9poca dif\u00edcil, cuando la temperatura desciende por debajo de cero\u00bb, a\u00f1adi\u00f3.<\/p>\n<p>\u00abcompartir con los dem\u00e1s lo que nos pertenece, aunque s\u00f3lo sea un poco de dinero, pero para ellos es la vida\u00bb, sentenci\u00f3 Krajewski.<\/p>\n<p>El Vaticano, a trav\u00e9s de Krajewski, ha enviado material m\u00e9dico y de primera necesidad en varias ocasiones desde el inicio de invasi\u00f3n rusa de Ucrania e incluso el limosnero ha entregado a la poblaci\u00f3n dos ambulancias y condujo personalmente los veh\u00edculos desde Roma.<\/p>\n<p><strong> Fuente:<a href=\"https:\/\/www.google.com\/search?client=safari&amp;rls=en&amp;q=made+for+minds&amp;ie=UTF-8&amp;oe=UTF-8\">made for minds<\/a><\/strong><\/p>\n","protected":false},"excerpt":{"rendered":"<p>Tegucigalpa,Honduras domingo 08 enero \u00a02023 El Vaticano ha recaudado hasta el momento\u00a0280.000 euros a trav\u00e9s de una plataforma de peque\u00f1as donaciones para comprar ropa t\u00e9rmica para la poblaci\u00f3n ucraniana, una cantidad superior a la prevista. \u00abSu generosidad ha sido incre\u00edble\u00bb, expres\u00f3 este s\u00e1bado (07.01.2022) el cardenal Konrad Krajewski, que dirige el Dicasterio para la Caridad &hellip;<\/p>\n","protected":false},"author":0,"featured_media":45551,"comment_status":"open","ping_status":"open","sticky":false,"template":"","format":"standard","meta":{"_jetpack_memberships_contains_paid_content":false,"footnotes":""},"categories":[5],"tags":[],"class_list":["post-45550","post","type-post","status-publish","format-standard","has-post-thumbnail","","category-noticias"],"jetpack_sharing_enabled":true,"jetpack_featured_media_url":"https:\/\/mickyandoniehn.com\/radio\/wp-content\/uploads\/2023\/01\/64256712_303-vWbH1u.jpeg","_links":{"self":[{"href":"https:\/\/mickyandoniehn.com\/radio\/wp-json\/wp\/v2\/posts\/45550","targetHints":{"allow":["GET"]}}],"collection":[{"href":"https:\/\/mickyandoniehn.com\/radio\/wp-json\/wp\/v2\/posts"}],"about":[{"href":"https:\/\/mickyandoniehn.com\/radio\/wp-json\/wp\/v2\/types\/post"}],"replies":[{"embeddable":true,"href":"https:\/\/mickyandoniehn.com\/radio\/wp-json\/wp\/v2\/comments?post=45550"}],"version-history":[{"count":0,"href":"https:\/\/mickyandoniehn.com\/radio\/wp-json\/wp\/v2\/posts\/45550\/revisions"}],"wp:featuredmedia":[{"embeddable":true,"href":"https:\/\/mickyandoniehn.com\/radio\/wp-json\/wp\/v2\/media\/45551"}],"wp:attachment":[{"href":"https:\/\/mickyandoniehn.com\/radio\/wp-json\/wp\/v2\/media?parent=45550"}],"wp:term":[{"taxonomy":"category","embeddable":true,"href":"https:\/\/mickyandoniehn.com\/radio\/wp-json\/wp\/v2\/categories?post=45550"},{"taxonomy":"post_tag","embeddable":true,"href":"https:\/\/mickyandoniehn.com\/radio\/wp-json\/wp\/v2\/tags?post=45550"}],"curies":[{"name":"wp","href":"https:\/\/api.w.org\/{rel}","templated":true}]}}