{"id":42837,"date":"2022-12-03T07:12:47","date_gmt":"2022-12-03T13:12:47","guid":{"rendered":"https:\/\/mickyandoniehn.com\/radio\/2022\/12\/03\/cien-mil-quintales-de-cafe-exportados-deja-graniteo\/"},"modified":"2022-12-03T07:12:47","modified_gmt":"2022-12-03T13:12:47","slug":"cien-mil-quintales-de-cafe-exportados-deja-graniteo","status":"publish","type":"post","link":"https:\/\/mickyandoniehn.com\/radio\/2022\/12\/03\/cien-mil-quintales-de-cafe-exportados-deja-graniteo\/","title":{"rendered":"Cien mil quintales de caf\u00e9 exportados deja \u201cgraniteo\u201d"},"content":{"rendered":"<p><strong>Tegucigalpa,Honduras s\u00e1bado 03 diciembre \u00a0 2022<\/strong><\/p>\n<\/p>\n<p>El proceso de \u201cgraniteo\u201d o corte de los primeros granos de caf\u00e9 en zonas de baja altura, ya contribuy\u00f3 con la exportaci\u00f3n de cien mil quintales de este principal producto hondure\u00f1o al mercado internacional, destac\u00f3 el presidente de la Central de Cooperativas Cafetaleras de Honduras, Dagoberto Suazo.<\/p>\n<p>\u201cYa empez\u00f3 el graniteo en las zonas bajas que est\u00e1n a menos de mil metros sobre el nivel del mar (msnm), se han exportado aproximadamente 100 mil quintales, poco a poco ir\u00e1 incrementando el corte\u201d indic\u00f3 Suazo. Ese volumen a mes y medio desde que comenz\u00f3 la producci\u00f3n cafetalera 2022-23 es considerado como normal debido a que el incremento en la maduraci\u00f3n se da de diciembre a marzo, dependiendo de la altura de sectores donde se localizan las plantaciones.<\/p>\n<p>\u201cCreemos que vamos bien, los pron\u00f3sticos se mantienen firmes y los problemas por exceso de lluvias afectaron mas que todo la red vial, pero se avanza en el proceso de mantenimiento de v\u00edas que llevan a las zonas cafetaleras\u201d ampli\u00f3 la fuente.<\/p>\n<p>Suazo tambi\u00e9n conf\u00eda que mejoren los precios a los rangos m\u00e1ximos del a\u00f1o pasado en el orden de 236 dolares, de momento un saco de 46 kilogramos se cotiza a 161 dolares.<\/p>\n<p>\u201cSi se mantiene esa baja en el mercado internacional podr\u00eda afectar, la tendencia en este momento obedece a una situaci\u00f3n especulativa, dado que no hay descenso en el consumo, todo lo contrario est\u00e1 aumentando\u201d ampli\u00f3.<\/p>\n<p>La guerra entre Ucrania y Rusia genera incertidumbre sobre todo en Europa que es el principal consumidor del caf\u00e9 hondure\u00f1o, convertido casi en producto principal de alimentaci\u00f3n en el viejo continente, concluy\u00f3 Dagoberto Suazo.<\/p>\n<p>Por su parte, el Banco Central de Honduras (BCH)) destac\u00f3 que el ingreso de divisas por diferentes actividades econ\u00f3micas y entradas de remesas familiares reportado por los agentes cambiarios del 1 de enero al 3 de noviembre del 2022, ascendi\u00f3 a 14,826.0 millones de d\u00f3lares, de esa cantidad 1,067.3 millones de d\u00f3lares corresponde a exportaciones del grano arom\u00e1tico.<\/p>\n<p>Los d\u00f3lares generados por el caf\u00e9 crecieron en 100.5 millones de d\u00f3lares (10.4%) comparado con los 966.8 millones de d\u00f3lares percibidos en la ecocom\u00eda hondure\u00f1a en ese mismo periodo del 2022.<\/p>\n<p><strong>Fuente: La Tribuna<\/strong><\/p>\n","protected":false},"excerpt":{"rendered":"<p>Tegucigalpa,Honduras s\u00e1bado 03 diciembre \u00a0 2022 El proceso de \u201cgraniteo\u201d o corte de los primeros granos de caf\u00e9 en zonas de baja altura, ya contribuy\u00f3 con la exportaci\u00f3n de cien mil quintales de este principal producto hondure\u00f1o al mercado internacional, destac\u00f3 el presidente de la Central de Cooperativas Cafetaleras de Honduras, Dagoberto Suazo. \u201cYa empez\u00f3 &hellip;<\/p>\n","protected":false},"author":0,"featured_media":42838,"comment_status":"open","ping_status":"open","sticky":false,"template":"","format":"standard","meta":{"_jetpack_memberships_contains_paid_content":false,"footnotes":""},"categories":[5],"tags":[],"class_list":["post-42837","post","type-post","status-publish","format-standard","has-post-thumbnail","","category-noticias"],"jetpack_sharing_enabled":true,"jetpack_featured_media_url":"https:\/\/mickyandoniehn.com\/radio\/wp-content\/uploads\/2022\/12\/CAFE-NOVIEMBRE-2Fxraz.jpeg","_links":{"self":[{"href":"https:\/\/mickyandoniehn.com\/radio\/wp-json\/wp\/v2\/posts\/42837","targetHints":{"allow":["GET"]}}],"collection":[{"href":"https:\/\/mickyandoniehn.com\/radio\/wp-json\/wp\/v2\/posts"}],"about":[{"href":"https:\/\/mickyandoniehn.com\/radio\/wp-json\/wp\/v2\/types\/post"}],"replies":[{"embeddable":true,"href":"https:\/\/mickyandoniehn.com\/radio\/wp-json\/wp\/v2\/comments?post=42837"}],"version-history":[{"count":0,"href":"https:\/\/mickyandoniehn.com\/radio\/wp-json\/wp\/v2\/posts\/42837\/revisions"}],"wp:featuredmedia":[{"embeddable":true,"href":"https:\/\/mickyandoniehn.com\/radio\/wp-json\/wp\/v2\/media\/42838"}],"wp:attachment":[{"href":"https:\/\/mickyandoniehn.com\/radio\/wp-json\/wp\/v2\/media?parent=42837"}],"wp:term":[{"taxonomy":"category","embeddable":true,"href":"https:\/\/mickyandoniehn.com\/radio\/wp-json\/wp\/v2\/categories?post=42837"},{"taxonomy":"post_tag","embeddable":true,"href":"https:\/\/mickyandoniehn.com\/radio\/wp-json\/wp\/v2\/tags?post=42837"}],"curies":[{"name":"wp","href":"https:\/\/api.w.org\/{rel}","templated":true}]}}