{"id":40192,"date":"2022-11-11T09:12:40","date_gmt":"2022-11-11T15:12:40","guid":{"rendered":"http:\/\/mickyandoniehn.com\/radio\/2022\/11\/11\/destinan-247-millones-de-lempiras-para-rescatar-y-proteger-del-lago-de-yojoa\/"},"modified":"2022-11-11T09:12:40","modified_gmt":"2022-11-11T15:12:40","slug":"destinan-247-millones-de-lempiras-para-rescatar-y-proteger-del-lago-de-yojoa","status":"publish","type":"post","link":"https:\/\/mickyandoniehn.com\/radio\/2022\/11\/11\/destinan-247-millones-de-lempiras-para-rescatar-y-proteger-del-lago-de-yojoa\/","title":{"rendered":"Destinan 247 millones de lempiras para rescatar y proteger del Lago de Yojoa"},"content":{"rendered":"<p><strong>Tegucigalpa,Honduras viernes 11 \u00a0noviembre \u00a0 2022<\/strong><\/p>\n<\/p>\n<p>El Gobierno\u00a0destin\u00f3 247 millones de lempiras para intervenir el Lago de Yojoa, Cort\u00e9s, zona norte de Honduras. Las acciones de un Gabinete Ambiental buscan conservar y proteger las zonas naturales que lo requieran.<\/p>\n<p>El mismo est\u00e1 encabezado por la\u00a0Secretar\u00eda de Recursos Naturales y Ambiente (SERNA),\u00a0Fuerzas Armadas de Honduras (FF. AA.),\u00a0Instituto de Conservaci\u00f3n Forestal (ICF)\u00a0y la\u00a0Secretar\u00eda de Energ\u00eda.<\/p>\n<p>Adem\u00e1s, la Fiscal\u00eda Especial del Medio Ambiente del\u00a0Ministerio P\u00fablico (MP), asociaciones ambientalistas del Lago de Yojoa, municipalidades aleda\u00f1as y la empresa privada, entre otras.<\/p>\n<p>El cuidado del medioambiente a nivel nacional promueve la conservaci\u00f3n y protecci\u00f3n del \u00fanico lago natural de agua dulce y humedal de importancia internacional; de igual manera, el sostenimiento para los entornos como el Parque Nacional Cerro Azul Me\u00e1mbar, Los Naranjos y el Parque Nacional Monta\u00f1a de Santa B\u00e1rbara.<\/p>\n<p>El Lago de Yojoa actualmente se encuentra amenazado debido a los da\u00f1os sufridos durante los \u00faltimos 12 a\u00f1os, consecuencia de la falta de atenci\u00f3n y las m\u00faltiples contaminaciones de su ecosistema.<\/p>\n<p><a href=\"https:\/\/hondudiario.com\/wp-content\/uploads\/2022\/10\/ver-centroamerica-honduras-lago-yojoa-02.jpg\">El titular de Recursos Naturales,\u00a0Lucky Medina, en conferencia de prensa en el Estado Mayor Conjunto, manifest\u00f3 que el Lago de Yojoa ha sufrido un abandono y presiones con altos niveles de da\u00f1os en la \u00faltima d\u00e9cada, asegurando que, despu\u00e9s del golpe de Estado, dicha fuente de agua natural ha perdido un caudal de 88 millones de metros c\u00fabicos del vital l\u00edquido, equivalente a ocho represas Los Laureles.<\/a><\/p>\n<p><a href=\"https:\/\/hondudiario.com\/wp-content\/uploads\/2022\/10\/ver-centroamerica-honduras-lago-yojoa-02.jpg\">Medina continu\u00f3: \u201cHoy anunciamos con alegr\u00eda al pueblo hondure\u00f1o la intervenci\u00f3n inmediata para que pueda seguir gozando de ese ecosistema natural, que es un patrimonio del pueblo hondure\u00f1o, por cierto, el \u00fanico lago natural de agua dulce en el pa\u00eds\u201d.<\/a><\/p>\n<p><a href=\"https:\/\/hondudiario.com\/wp-content\/uploads\/2022\/10\/ver-centroamerica-honduras-lago-yojoa-02.jpg\">El gabinete ambiental tambi\u00e9n har\u00e1 una revisi\u00f3n de proyectos estatales, construcci\u00f3n de carreteras en las \u00e1reas protegidas,\u00a0distribuci\u00f3n sostenible para el ecosistema del lugar y lo principal una reforestaci\u00f3n masiva en las cuencas para darle mayor vida al Lago de Yojoa.<\/a><\/p>\n<p><a href=\"https:\/\/hondudiario.com\/wp-content\/uploads\/2022\/10\/ver-centroamerica-honduras-lago-yojoa-02.jpg\">Medina dijo: \u201cPor su alt\u00edsimo valor ecol\u00f3gico y arqueol\u00f3gico, son 13,0000 hect\u00e1reas las que nos hemos planteado inicialmente para poder defender este ecosistema que abarcan la conformaci\u00f3n de un total de 44,000 hect\u00e1reas de la cuenca y las cerca de 85 mil hect\u00e1reas alrededor\u201d.<\/a><\/p>\n<p><a href=\"https:\/\/hondudiario.com\/wp-content\/uploads\/2022\/10\/ver-centroamerica-honduras-lago-yojoa-02.jpg\"><strong>Batallones Verdes<\/strong><\/a><\/p>\n<p><a href=\"https:\/\/hondudiario.com\/wp-content\/uploads\/2022\/10\/ver-centroamerica-honduras-lago-yojoa-02.jpg\">El comandante de apoyo C-9 de Medio Ambiente de las FF. AA., coronel Juan Ram\u00f3n Hern\u00e1ndez Campo, manifest\u00f3 que cuentan con tres \u201cBatallones Verdes\u201d para el plan de rescate del Lago de Yojoa.<\/a><\/p>\n<p><a href=\"https:\/\/hondudiario.com\/wp-content\/uploads\/2022\/10\/ver-centroamerica-honduras-lago-yojoa-02.jpg\">\u201cComo Fuerzas Armadas en el combate a los delitos ambientales tenemos una l\u00ednea, que es una orden de la se\u00f1ora Presidenta de la Rep\u00fablica, Xiomara Castro y para eso tenemos la creaci\u00f3n de tres comandos o batallones ambientales\u201d, destac\u00f3.<\/a><\/p>\n<p><a href=\"https:\/\/hondudiario.com\/wp-content\/uploads\/2022\/10\/Captura-90.jpg\">De esta manera, se detall\u00f3 que, el primer Batall\u00f3n Ambiental est\u00e1 ubicado en Catacamas, Olancho; en la pista de El Aguacate, este se encargar\u00e1 directamente de la Biosfera del R\u00edo Pl\u00e1tano; mientras que, el segundo en La Ceiba, Atl\u00e1ntida, atender\u00e1 las \u00e1reas protegidas de la zona.<\/a><\/p>\n<p><a href=\"https:\/\/hondudiario.com\/wp-content\/uploads\/2022\/10\/Captura-90.jpg\">Por consiguiente, el tercero estar\u00e1 en el sector de Pinalejo, Santa B\u00e1rbara que tambi\u00e9n cubrir\u00e1 el departamento de Cort\u00e9s, Comayagua y Yoro, ya que este ser\u00e1 el batall\u00f3n que estar\u00e1 encargado de la protecci\u00f3n del Lago de Yojoa.<\/a><\/p>\n<p><a href=\"https:\/\/hondudiario.com\/wp-content\/uploads\/2022\/10\/Captura-90.jpg\">El coronel Hern\u00e1ndez asegur\u00f3: \u201cEn los tres batallones ambientales tenemos proyectado ubicar 30 efectivos de tropas, pr\u00e1cticamente un pelot\u00f3n y en el sector de Panacam y Pe\u00f1a Blanca, Cort\u00e9s; vamos a tener con todas las capacidades, con sus veh\u00edculos, motocicletas y toda la log\u00edstica necesaria para que ellos realicen los patrullajes\u201d.<\/a><\/p>\n<p><a href=\"https:\/\/hondudiario.com\/wp-content\/uploads\/2022\/10\/Captura-90.jpg\">Explic\u00f3 que, estar\u00e1 cubierto todo el alrededor del Lago de Yojoa desde Pe\u00f1a Blanca, esto en busca de cuidar que ya no se pierdan los m\u00e1s de 80 de kil\u00f3metros de superficie que tiene el espejo del Lago. Asimismo, se instalar\u00e1 otro apostadero en la naval, por el sector de El Naranjo.<\/a><\/p>\n<p><a href=\"https:\/\/hondudiario.com\/wp-content\/uploads\/2022\/10\/Captura-90.jpg\">Mientras tanto, en el \u00e1mbito legal, se realizar\u00e1 una transferencia de 50 millones de lempiras a la Fiscal\u00eda Especial del Medio Ambiente a fin de perseguir y prevenir todos los delitos relacionados con el mismo, buscando asegurar que estos hechos no se repitan.<strong> Hondudiario\u00a0<\/strong><\/a><\/p>\n<p><a href=\"https:\/\/hondudiario.com\/wp-content\/uploads\/2022\/10\/Captura-90.jpg\">\u00a0<\/a><\/p>\n<p><strong>Fuente: La Tribuna<\/strong><\/p>\n","protected":false},"excerpt":{"rendered":"<p>Tegucigalpa,Honduras viernes 11 \u00a0noviembre \u00a0 2022 El Gobierno\u00a0destin\u00f3 247 millones de lempiras para intervenir el Lago de Yojoa, Cort\u00e9s, zona norte de Honduras. Las acciones de un Gabinete Ambiental buscan conservar y proteger las zonas naturales que lo requieran. El mismo est\u00e1 encabezado por la\u00a0Secretar\u00eda de Recursos Naturales y Ambiente (SERNA),\u00a0Fuerzas Armadas de Honduras (FF. &hellip;<\/p>\n","protected":false},"author":0,"featured_media":40193,"comment_status":"open","ping_status":"open","sticky":false,"template":"","format":"standard","meta":{"_jetpack_memberships_contains_paid_content":false,"footnotes":""},"categories":[5],"tags":[],"class_list":["post-40192","post","type-post","status-publish","format-standard","has-post-thumbnail","","category-noticias"],"jetpack_sharing_enabled":true,"jetpack_featured_media_url":"https:\/\/mickyandoniehn.com\/radio\/wp-content\/uploads\/2022\/11\/Untitled-design-7-1300x731-1-EsUzu7.png","_links":{"self":[{"href":"https:\/\/mickyandoniehn.com\/radio\/wp-json\/wp\/v2\/posts\/40192","targetHints":{"allow":["GET"]}}],"collection":[{"href":"https:\/\/mickyandoniehn.com\/radio\/wp-json\/wp\/v2\/posts"}],"about":[{"href":"https:\/\/mickyandoniehn.com\/radio\/wp-json\/wp\/v2\/types\/post"}],"replies":[{"embeddable":true,"href":"https:\/\/mickyandoniehn.com\/radio\/wp-json\/wp\/v2\/comments?post=40192"}],"version-history":[{"count":0,"href":"https:\/\/mickyandoniehn.com\/radio\/wp-json\/wp\/v2\/posts\/40192\/revisions"}],"wp:featuredmedia":[{"embeddable":true,"href":"https:\/\/mickyandoniehn.com\/radio\/wp-json\/wp\/v2\/media\/40193"}],"wp:attachment":[{"href":"https:\/\/mickyandoniehn.com\/radio\/wp-json\/wp\/v2\/media?parent=40192"}],"wp:term":[{"taxonomy":"category","embeddable":true,"href":"https:\/\/mickyandoniehn.com\/radio\/wp-json\/wp\/v2\/categories?post=40192"},{"taxonomy":"post_tag","embeddable":true,"href":"https:\/\/mickyandoniehn.com\/radio\/wp-json\/wp\/v2\/tags?post=40192"}],"curies":[{"name":"wp","href":"https:\/\/api.w.org\/{rel}","templated":true}]}}