{"id":40113,"date":"2022-11-11T07:12:37","date_gmt":"2022-11-11T13:12:37","guid":{"rendered":"http:\/\/mickyandoniehn.com\/radio\/2022\/11\/11\/onu-gases-invernadero-alcanzaron-nuevo-record-en-2021\/"},"modified":"2022-11-11T07:12:37","modified_gmt":"2022-11-11T13:12:37","slug":"onu-gases-invernadero-alcanzaron-nuevo-record-en-2021","status":"publish","type":"post","link":"https:\/\/mickyandoniehn.com\/radio\/2022\/11\/11\/onu-gases-invernadero-alcanzaron-nuevo-record-en-2021\/","title":{"rendered":"ONU: Gases invernadero alcanzaron nuevo r\u00e9cord en 2021"},"content":{"rendered":"<p><strong>Tegucigalpa,Honduras s\u00e1bado 12 Noviembre \u00a02022<\/strong><\/p>\n<\/p>\n<p>Los tres principales gases de efecto invernadero alcanzaron niveles r\u00e9cord en la atm\u00f3sfera el a\u00f1o pasado, dijo el mi\u00e9rcoles la agencia meteorol\u00f3gica de la ONU, calific\u00e1ndolo como una se\u00f1al \u201cominosa\u201d, mientras la guerra en Ucrania, el aumento de los costos de los alimentos y el combustible, y otros problemas se han sumado a las antiguas preocupaciones sobre el calentamiento global en los \u00faltimos meses.<\/p>\n<p>\u201cM\u00e1s malas noticias para el planeta\u201d, dijo la Organizaci\u00f3n Meteorol\u00f3gica Mundial en un comunicado junto con su \u00faltimo bolet\u00edn anual sobre los gases de efecto invernadero. Se trata de uno de los informes publicados en los \u00faltimos d\u00edas en los que se analizan diversos aspectos de la lucha de la humanidad contra el cambio clim\u00e1tico en v\u00edsperas de la conferencia de la ONU sobre el clima, que se celebrar\u00e1 en Sharm el-Sheij, Egipto.<\/p>\n<p>De los tres principales tipos de gases de efecto invernadero que atrapan el calor \u2014el di\u00f3xido de carbono, el metano y el \u00f3xido nitroso\u2014 el mayor salto de 2020 a 2021 fue el del metano, cuyas concentraciones en el aire registraron el mayor aumento interanual desde que comenzaron las mediciones peri\u00f3dicas hace cuatro d\u00e9cadas, dijo la OMM.<\/p>\n<p>\u201cEl continuo aumento de las concentraciones de los principales gases que atrapan el calor, incluida la aceleraci\u00f3n r\u00e9cord de los niveles de metano, demuestra que vamos en la direcci\u00f3n equivocada\u201d, dijo el secretario general de la OMM, Petteri Taalas.<\/p>\n<p>El metano es m\u00e1s potente a la hora de atrapar el calor que el di\u00f3xido de carbono, pero no permanece en la atm\u00f3sfera tanto tiempo como este, y hay 200 veces m\u00e1s di\u00f3xido de carbono en el aire que metano. Seg\u00fan el Grupo Intergubernamental de Expertos sobre el Cambio Clim\u00e1tico, en un periodo de 20 a\u00f1os, una mol\u00e9cula de metano atrapa unas 81 veces m\u00e1s calor que una mol\u00e9cula de di\u00f3xido de carbono, pero en un siglo baja a 28 veces m\u00e1s calor por mol\u00e9cula que el di\u00f3xido de carbono.<\/p>\n<p>Desde la \u00e9poca preindustrial, que la OMM fija en torno al a\u00f1o 1750, las concentraciones de CO2 en el aire han aumentado casi un 50%, hasta las 415,7 partes por mill\u00f3n, siendo Estados Unidos, China y Europa los responsables de la mayor parte de las emisiones. El metano ha aumentado 162%, hasta las 1.908 partes por bill\u00f3n, y el \u00f3xido nitroso \u2014cuyas fuentes de origen humano son, por ejemplo, la quema de biomasa, los procesos industriales y el uso de fertilizantes\u2014 ha aumentado aproximadamente una cuarta parte, hasta las 334,5 partes por mill\u00f3n.<\/p>\n<p>El mi\u00e9rcoles, la oficina del clima de la ONU dijo que los compromisos actuales para reducir las emisiones de gases de efecto invernadero ponen al planeta en camino de superar el l\u00edmite de calentamiento global acordado por los pa\u00edses en el acuerdo clim\u00e1tico de Par\u00eds de 2015.<\/p>\n<p>Seg\u00fan su \u00faltima estimaci\u00f3n, basada en 193 objetivos nacionales de emisiones, las temperaturas aumentar\u00e1n hasta 2,5 grados Celsius (4,5 Fahrenheit) por encima de los promedios preindustriales a finales de siglo, un grado m\u00e1s que el ambicioso objetivo establecido en el pacto de Par\u00eds de limitar el calentamiento en 1,5 grados Celsius (2,7 Fahrenheit).<\/p>\n<p>Los periodistas de Associated Press Seth Borenstein en Washington y Frank Jordans en Berl\u00edn contribuyeron a este despacho.<\/p>\n<p><strong>Fuente: La Tribuna<\/strong><\/p>\n","protected":false},"excerpt":{"rendered":"<p>Tegucigalpa,Honduras s\u00e1bado 12 Noviembre \u00a02022 Los tres principales gases de efecto invernadero alcanzaron niveles r\u00e9cord en la atm\u00f3sfera el a\u00f1o pasado, dijo el mi\u00e9rcoles la agencia meteorol\u00f3gica de la ONU, calific\u00e1ndolo como una se\u00f1al \u201cominosa\u201d, mientras la guerra en Ucrania, el aumento de los costos de los alimentos y el combustible, y otros problemas se &hellip;<\/p>\n","protected":false},"author":0,"featured_media":40114,"comment_status":"open","ping_status":"open","sticky":false,"template":"","format":"standard","meta":{"_jetpack_memberships_contains_paid_content":false,"footnotes":""},"categories":[5],"tags":[],"class_list":["post-40113","post","type-post","status-publish","format-standard","has-post-thumbnail","","category-noticias"],"jetpack_sharing_enabled":true,"jetpack_featured_media_url":"https:\/\/mickyandoniehn.com\/radio\/wp-content\/uploads\/2022\/11\/Gases-invernadero-oMeYmZ.jpeg","_links":{"self":[{"href":"https:\/\/mickyandoniehn.com\/radio\/wp-json\/wp\/v2\/posts\/40113","targetHints":{"allow":["GET"]}}],"collection":[{"href":"https:\/\/mickyandoniehn.com\/radio\/wp-json\/wp\/v2\/posts"}],"about":[{"href":"https:\/\/mickyandoniehn.com\/radio\/wp-json\/wp\/v2\/types\/post"}],"replies":[{"embeddable":true,"href":"https:\/\/mickyandoniehn.com\/radio\/wp-json\/wp\/v2\/comments?post=40113"}],"version-history":[{"count":0,"href":"https:\/\/mickyandoniehn.com\/radio\/wp-json\/wp\/v2\/posts\/40113\/revisions"}],"wp:featuredmedia":[{"embeddable":true,"href":"https:\/\/mickyandoniehn.com\/radio\/wp-json\/wp\/v2\/media\/40114"}],"wp:attachment":[{"href":"https:\/\/mickyandoniehn.com\/radio\/wp-json\/wp\/v2\/media?parent=40113"}],"wp:term":[{"taxonomy":"category","embeddable":true,"href":"https:\/\/mickyandoniehn.com\/radio\/wp-json\/wp\/v2\/categories?post=40113"},{"taxonomy":"post_tag","embeddable":true,"href":"https:\/\/mickyandoniehn.com\/radio\/wp-json\/wp\/v2\/tags?post=40113"}],"curies":[{"name":"wp","href":"https:\/\/api.w.org\/{rel}","templated":true}]}}