{"id":40111,"date":"2022-11-11T07:12:36","date_gmt":"2022-11-11T13:12:36","guid":{"rendered":"http:\/\/mickyandoniehn.com\/radio\/2022\/11\/11\/analizaran-como-trabajo-no-remunerado-limita-a-mujeres\/"},"modified":"2022-11-11T07:12:36","modified_gmt":"2022-11-11T13:12:36","slug":"analizaran-como-trabajo-no-remunerado-limita-a-mujeres","status":"publish","type":"post","link":"https:\/\/mickyandoniehn.com\/radio\/2022\/11\/11\/analizaran-como-trabajo-no-remunerado-limita-a-mujeres\/","title":{"rendered":"Analizar\u00e1n c\u00f3mo trabajo no remunerado limita a mujeres"},"content":{"rendered":"<p><strong>Tegucigalpa,Honduras viernes 11 \u00a0noviembre \u00a0 2022<\/strong><\/p>\n<\/p>\n<p>Mujeres de organizaciones de base, acad\u00e9micas y autoridades estatales de Honduras, Guatemala y El Salvador, analizar\u00e1n en un Coloquio Centroamericano c\u00f3mo las tareas de cuidados limitan los derechos y oportunidades de desarrollo de mujeres y ni\u00f1as en las zonas rurales.<\/p>\n<p>La directora regional de programas de We Effect en Am\u00e9rica Latina, Damaris Ruiz, lament\u00f3 que algunos estudios detallan que el 71 por ciento de las mujeres en Honduras no pueden acceder a un trabajo remunerado.<br \/>\n\u201cEsto es porque tienen a cargo de manera exclusiva los trabajos de cuidados, y es una situaci\u00f3n similar para todos los pa\u00edses de Centroam\u00e9rica\u201d, expres\u00f3.<\/p>\n<p>Agreg\u00f3 que \u201cm\u00e1s de la mitad de las mujeres en esta regi\u00f3n no pueden tener un trabajo remunerado, porque se tienen que quedar en casa, asumiendo todos los trabajos de cuidados\u201d.<\/p>\n<h2>POL\u00cdTICAS P\u00daBLICAS<\/h2>\n<p>El coloquio \u201cLa sociedad del cuidado en la ruralidad: horizonte para una recuperaci\u00f3n sostenible con igualdad de g\u00e9nero\u201d se realizar\u00e1 con el objetivo de esbozar propuestas de pol\u00edticas p\u00fablicas y sistemas de cuidados que aseguren un desarrollo transformador, sostenible y con igualdad para las mujeres rurales centroamericanas.<br \/>\nDe igual manera pretende contribuir a la reflexi\u00f3n cr\u00edtica acerca de los procesos de corresponsabilidad en los cuidados, corresponsabilidad p\u00fablica, comunitaria y de g\u00e9nero desde la perspectiva rural.<\/p>\n<p>El coloquio tendr\u00e1 lugar los d\u00edas 27 y 28 de octubre, en Tegucigalpa y es auspiciado por la organizaci\u00f3n internacional sueca We Effect y por ONU Mujeres.<\/p>\n<p>Adem\u00e1s, cuenta con la adhesi\u00f3n de la Secretar\u00eda de Asuntos de la Mujer de Honduras y es convocado por varias organizaciones nacionales e internacionales de desarrollo.<br \/>\nLas conclusiones del coloquio alimentar\u00e1n el di\u00e1logo que se desarrollar\u00e1 en noviembre, en el marco de la XV Conferencia Regional de la Mujer en Am\u00e9rica Latina y el Caribe en la ciudad de Buenos Aires, Argentina.<\/p>\n<p><strong>Fuente: La Tribuna<\/strong><\/p>\n","protected":false},"excerpt":{"rendered":"<p>Tegucigalpa,Honduras viernes 11 \u00a0noviembre \u00a0 2022 Mujeres de organizaciones de base, acad\u00e9micas y autoridades estatales de Honduras, Guatemala y El Salvador, analizar\u00e1n en un Coloquio Centroamericano c\u00f3mo las tareas de cuidados limitan los derechos y oportunidades de desarrollo de mujeres y ni\u00f1as en las zonas rurales. La directora regional de programas de We Effect en &hellip;<\/p>\n","protected":false},"author":0,"featured_media":40112,"comment_status":"open","ping_status":"open","sticky":false,"template":"","format":"standard","meta":{"_jetpack_memberships_contains_paid_content":false,"footnotes":""},"categories":[5],"tags":[],"class_list":["post-40111","post","type-post","status-publish","format-standard","has-post-thumbnail","","category-noticias"],"jetpack_sharing_enabled":true,"jetpack_featured_media_url":"https:\/\/mickyandoniehn.com\/radio\/wp-content\/uploads\/2022\/11\/TRABAJO-DOMESTICO-iRRbrm.jpeg","_links":{"self":[{"href":"https:\/\/mickyandoniehn.com\/radio\/wp-json\/wp\/v2\/posts\/40111","targetHints":{"allow":["GET"]}}],"collection":[{"href":"https:\/\/mickyandoniehn.com\/radio\/wp-json\/wp\/v2\/posts"}],"about":[{"href":"https:\/\/mickyandoniehn.com\/radio\/wp-json\/wp\/v2\/types\/post"}],"replies":[{"embeddable":true,"href":"https:\/\/mickyandoniehn.com\/radio\/wp-json\/wp\/v2\/comments?post=40111"}],"version-history":[{"count":0,"href":"https:\/\/mickyandoniehn.com\/radio\/wp-json\/wp\/v2\/posts\/40111\/revisions"}],"wp:featuredmedia":[{"embeddable":true,"href":"https:\/\/mickyandoniehn.com\/radio\/wp-json\/wp\/v2\/media\/40112"}],"wp:attachment":[{"href":"https:\/\/mickyandoniehn.com\/radio\/wp-json\/wp\/v2\/media?parent=40111"}],"wp:term":[{"taxonomy":"category","embeddable":true,"href":"https:\/\/mickyandoniehn.com\/radio\/wp-json\/wp\/v2\/categories?post=40111"},{"taxonomy":"post_tag","embeddable":true,"href":"https:\/\/mickyandoniehn.com\/radio\/wp-json\/wp\/v2\/tags?post=40111"}],"curies":[{"name":"wp","href":"https:\/\/api.w.org\/{rel}","templated":true}]}}