{"id":37820,"date":"2022-10-20T07:13:10","date_gmt":"2022-10-20T13:13:10","guid":{"rendered":"https:\/\/mickyandoniehn.com\/radio\/2022\/10\/20\/aumentar-mano-de-obra-reto-de-honduras-al-iniciar-cosecha-de-cafe-2022-2023\/"},"modified":"2022-10-20T07:13:10","modified_gmt":"2022-10-20T13:13:10","slug":"aumentar-mano-de-obra-reto-de-honduras-al-iniciar-cosecha-de-cafe-2022-2023","status":"publish","type":"post","link":"https:\/\/mickyandoniehn.com\/radio\/2022\/10\/20\/aumentar-mano-de-obra-reto-de-honduras-al-iniciar-cosecha-de-cafe-2022-2023\/","title":{"rendered":"Aumentar mano de obra, reto de Honduras al iniciar cosecha de caf\u00e9 2022-2023"},"content":{"rendered":"<p><strong>Tegucigalpa,Honduras jueves 20 \u00a0octubre \u00a0 2022<\/strong><\/p>\n<\/p>\n<p><strong>Honduras <\/strong>prev\u00e9 exportar en la cosecha de <strong>caf\u00e9 <\/strong>2022-2023, que se inici\u00f3 este s\u00e1bado, unos 7.2 millones de quintales (de 46 kilos), que le dejar\u00e1n m\u00e1s de 1,600 millones de d\u00f3lares, y con el reto de aumentar la mano de obra hondure\u00f1a, dijo una fuente oficial.<\/p>\n<p>El presidente del Instituto Hondure\u00f1o del Caf\u00e9 (Ihcafe), Pedro Mendoza, indic\u00f3 a Efe que las ventas de caf\u00e9 aumentar\u00e1n en unos 1.1 millones de sacos con las de la cosecha 2021-2022, que concluy\u00f3 el viernes con una cifra de 6.1 millones de quintales <strong>exportados <\/strong>y divisas por 1,448 millones de d\u00f3lares.<\/p>\n<p>Del total de la producci\u00f3n, 700,000 quintales se destinan al consumo interno del pa\u00eds, una cifra que el <strong>Ihcafe <\/strong>\u00abbusca aumentar\u00bb, se\u00f1al\u00f3 Mendoza.<\/p>\n<p>El Ihcafe conf\u00eda en que en la nueva cosecha los precios puedan mantenerse en un nivel aceptable que permita atender debidamente a las familias y unidades productivas.<\/p>\n<p>El caf\u00e9 sigue siendo la primera fuente de divisas por ventas al extranjero del pa\u00eds centroamericano, que hoy conmemora el D\u00eda Nacional de la <strong>Caficultura<\/strong>.<\/p>\n<p><strong>Fuente: La Tribuna<\/strong><\/p>\n","protected":false},"excerpt":{"rendered":"<p>Tegucigalpa,Honduras jueves 20 \u00a0octubre \u00a0 2022 Honduras prev\u00e9 exportar en la cosecha de caf\u00e9 2022-2023, que se inici\u00f3 este s\u00e1bado, unos 7.2 millones de quintales (de 46 kilos), que le dejar\u00e1n m\u00e1s de 1,600 millones de d\u00f3lares, y con el reto de aumentar la mano de obra hondure\u00f1a, dijo una fuente oficial. El presidente del &hellip;<\/p>\n","protected":false},"author":0,"featured_media":37821,"comment_status":"open","ping_status":"open","sticky":false,"template":"","format":"standard","meta":{"_jetpack_memberships_contains_paid_content":false,"footnotes":""},"categories":[5],"tags":[],"class_list":["post-37820","post","type-post","status-publish","format-standard","has-post-thumbnail","","category-noticias"],"jetpack_sharing_enabled":true,"jetpack_featured_media_url":"https:\/\/mickyandoniehn.com\/radio\/wp-content\/uploads\/2022\/10\/principal_cafe_honduras-D7mWV3.jpeg","_links":{"self":[{"href":"https:\/\/mickyandoniehn.com\/radio\/wp-json\/wp\/v2\/posts\/37820","targetHints":{"allow":["GET"]}}],"collection":[{"href":"https:\/\/mickyandoniehn.com\/radio\/wp-json\/wp\/v2\/posts"}],"about":[{"href":"https:\/\/mickyandoniehn.com\/radio\/wp-json\/wp\/v2\/types\/post"}],"replies":[{"embeddable":true,"href":"https:\/\/mickyandoniehn.com\/radio\/wp-json\/wp\/v2\/comments?post=37820"}],"version-history":[{"count":0,"href":"https:\/\/mickyandoniehn.com\/radio\/wp-json\/wp\/v2\/posts\/37820\/revisions"}],"wp:featuredmedia":[{"embeddable":true,"href":"https:\/\/mickyandoniehn.com\/radio\/wp-json\/wp\/v2\/media\/37821"}],"wp:attachment":[{"href":"https:\/\/mickyandoniehn.com\/radio\/wp-json\/wp\/v2\/media?parent=37820"}],"wp:term":[{"taxonomy":"category","embeddable":true,"href":"https:\/\/mickyandoniehn.com\/radio\/wp-json\/wp\/v2\/categories?post=37820"},{"taxonomy":"post_tag","embeddable":true,"href":"https:\/\/mickyandoniehn.com\/radio\/wp-json\/wp\/v2\/tags?post=37820"}],"curies":[{"name":"wp","href":"https:\/\/api.w.org\/{rel}","templated":true}]}}