{"id":37818,"date":"2022-10-20T07:13:10","date_gmt":"2022-10-20T13:13:10","guid":{"rendered":"https:\/\/mickyandoniehn.com\/radio\/2022\/10\/20\/ministros-de-las-americas-destacan-contribucion-de-agro-a-mitigacion-de-cambio-climatico\/"},"modified":"2022-10-20T07:13:10","modified_gmt":"2022-10-20T13:13:10","slug":"ministros-de-las-americas-destacan-contribucion-de-agro-a-mitigacion-de-cambio-climatico","status":"publish","type":"post","link":"https:\/\/mickyandoniehn.com\/radio\/2022\/10\/20\/ministros-de-las-americas-destacan-contribucion-de-agro-a-mitigacion-de-cambio-climatico\/","title":{"rendered":"Ministros de las Am\u00e9ricas destacan contribuci\u00f3n de agro a mitigaci\u00f3n de cambio clim\u00e1tico"},"content":{"rendered":"<p><strong>Tegucigalpa,Honduras jueves 20 \u00a0octubre \u00a0 2022<\/strong><\/p>\n<\/p>\n<p>Ministros y altos funcionarios de m\u00e1s de 30 pa\u00edses de las Am\u00e9ricas reunidos en Costa Rica destacaron recientemente el papel clave de la agricultura de las Am\u00e9ricas para la seguridad alimentaria global.<\/p>\n<p>Adem\u00e1s, destacaron sus contribuciones para mitigar los efectos del cambio clim\u00e1tico y su potencial a\u00fan mayor gracias a la ciencia y la innovaci\u00f3n, y exigieron un amplio espacio en la <a href=\"https:\/\/unfccc.int\/es\/cop27\">COP27<\/a> para destacar la importancia estrat\u00e9gica del sector.<\/p>\n<p>\u201cNo se puede hablar de cambio clim\u00e1tico sin considerar a la agricultura y a la producci\u00f3n de alimentos. Debemos reclamar un sinceramiento a los pa\u00edses desarrollados para que canalicen en forma urgente y pr\u00e1ctica los recursos comprometidos a los pa\u00edses en desarrollo.<\/p>\n<h2><strong>Desaf\u00edos clim\u00e1ticos y seguridad alimentaria<\/strong><\/h2>\n<p>\u00abDebemos evitar todas las trabas al comercio de alimentos debido a los desaf\u00edos clim\u00e1ticos y de seguridad alimentaria\u201d, dijo el ministro de Agricultura, Ganader\u00eda y Pesca de Uruguay, Fernando Mattos.<\/p>\n<p>Y agreg\u00f3 que \u201csomos grandes responsables de asegurar el abastecimiento de alimentos para el mundo\u201c.<\/p>\n<p>\u00abPero seguimos siendo v\u00edctimas de un comercio agr\u00edcola internacional que cada vez tiene m\u00e1s trabas para atender el cambio clim\u00e1tico\u00bb.<\/p>\n<p>\u00abEste es un desaf\u00edo\u00bb.<\/p>\n<p>\u00abDeber\u00edamos tener un espacio m\u00e1s amplio en la COP27 debido a la importancia que tiene la agricultura para la mitigaci\u00f3n del cambio clim\u00e1tico\u00bb.<\/p>\n<p>El ministro Mattos, en el marco de la reuni\u00f3n ministerial \u201cDesaf\u00edos de la Agricultura de las Am\u00e9ricas para hacer frente a la crisis clim\u00e1tica\u201d, convocada por el Instituto Interamericano de Cooperaci\u00f3n para la Agricultura (IICA), recogi\u00f3 de esa manera el pedido lanzado por el representante de Bolivia Juan Carlos Torrico, de la Autoridad Plurinacional de la Madre Tierra.<\/p>\n<p>El funcionario boliviano hizo una amplia explicaci\u00f3n sobre el significado de la agricultura en la regi\u00f3n.<\/p>\n<p>Exaltando su identidad familiar, sus buenas pr\u00e1cticas y su cuidado de los recursos naturales.<\/p>\n<p><strong>Fuente: La Tribuna<\/strong><\/p>\n","protected":false},"excerpt":{"rendered":"<p>Tegucigalpa,Honduras jueves 20 \u00a0octubre \u00a0 2022 Ministros y altos funcionarios de m\u00e1s de 30 pa\u00edses de las Am\u00e9ricas reunidos en Costa Rica destacaron recientemente el papel clave de la agricultura de las Am\u00e9ricas para la seguridad alimentaria global. Adem\u00e1s, destacaron sus contribuciones para mitigar los efectos del cambio clim\u00e1tico y su potencial a\u00fan mayor gracias &hellip;<\/p>\n","protected":false},"author":0,"featured_media":37819,"comment_status":"open","ping_status":"open","sticky":false,"template":"","format":"standard","meta":{"_jetpack_memberships_contains_paid_content":false,"footnotes":""},"categories":[5],"tags":[],"class_list":["post-37818","post","type-post","status-publish","format-standard","has-post-thumbnail","","category-noticias"],"jetpack_sharing_enabled":true,"jetpack_featured_media_url":"https:\/\/mickyandoniehn.com\/radio\/wp-content\/uploads\/2022\/10\/Unknown-14-HMPEf3.jpeg","_links":{"self":[{"href":"https:\/\/mickyandoniehn.com\/radio\/wp-json\/wp\/v2\/posts\/37818","targetHints":{"allow":["GET"]}}],"collection":[{"href":"https:\/\/mickyandoniehn.com\/radio\/wp-json\/wp\/v2\/posts"}],"about":[{"href":"https:\/\/mickyandoniehn.com\/radio\/wp-json\/wp\/v2\/types\/post"}],"replies":[{"embeddable":true,"href":"https:\/\/mickyandoniehn.com\/radio\/wp-json\/wp\/v2\/comments?post=37818"}],"version-history":[{"count":0,"href":"https:\/\/mickyandoniehn.com\/radio\/wp-json\/wp\/v2\/posts\/37818\/revisions"}],"wp:featuredmedia":[{"embeddable":true,"href":"https:\/\/mickyandoniehn.com\/radio\/wp-json\/wp\/v2\/media\/37819"}],"wp:attachment":[{"href":"https:\/\/mickyandoniehn.com\/radio\/wp-json\/wp\/v2\/media?parent=37818"}],"wp:term":[{"taxonomy":"category","embeddable":true,"href":"https:\/\/mickyandoniehn.com\/radio\/wp-json\/wp\/v2\/categories?post=37818"},{"taxonomy":"post_tag","embeddable":true,"href":"https:\/\/mickyandoniehn.com\/radio\/wp-json\/wp\/v2\/tags?post=37818"}],"curies":[{"name":"wp","href":"https:\/\/api.w.org\/{rel}","templated":true}]}}