{"id":37812,"date":"2022-10-20T07:13:08","date_gmt":"2022-10-20T13:13:08","guid":{"rendered":"https:\/\/mickyandoniehn.com\/radio\/2022\/10\/20\/mas-de-900-empresas-buscan-negocios-en-feria-internacional-en-costa-rica\/"},"modified":"2022-10-20T07:13:08","modified_gmt":"2022-10-20T13:13:08","slug":"mas-de-900-empresas-buscan-negocios-en-feria-internacional-en-costa-rica","status":"publish","type":"post","link":"https:\/\/mickyandoniehn.com\/radio\/2022\/10\/20\/mas-de-900-empresas-buscan-negocios-en-feria-internacional-en-costa-rica\/","title":{"rendered":"M\u00e1s de 900 empresas buscan negocios en feria internacional en Costa Rica"},"content":{"rendered":"<p><strong>Tegucigalpa,Honduras jueves 20 \u00a0octubre \u00a0 2022<\/strong><\/p>\n<\/p>\n<p>M\u00e1s de 900 empresas locales e internacionales participan en la Feria BTM.<\/p>\n<p>En ella, buscan establecer negocios y promover los encadenamientos productivos, informaron los organizadores.<\/p>\n<p>La Promotora de Comercio Exterior de Costa Rica (<a href=\"https:\/\/www.procomer.com\/\">Procomer<\/a>) detall\u00f3 que, en el evento, que concluir\u00e1 el jueves, se congregan 374 empresas compradoras de 47 pa\u00edses que pretende entablar relaciones de negocios con 599 proveedores costarricenses.<\/p>\n<p>En total, est\u00e1 previsto que se lleven a cabo unas 4,000 citas de negocios.<\/p>\n<p>Adem\u00e1s, se promuevan las exportaciones y los encadenamientos de los sectores agr\u00edcola y alimentario.<\/p>\n<p>Tambi\u00e9n en la industria especializada y servicios de las micro, peque\u00f1as, medianas y grandes empresas de Costa Rica.<\/p>\n<p>\u00abMientras cierran un negocio, mientras definen una estrategia comercial o acuerdan la log\u00edstica para llevar el producto a sus clientes, me gustar\u00eda que pensaran en esto: en la compra de esas flores, de esas frutas, de ese caf\u00e9, de esos dispositivos m\u00e9dicos, no solo adquieren un producto, sino que tambi\u00e9n invierten en la educaci\u00f3n, en la salud, en la prosperidad de los costarricenses\u201d, dijo el presidente de Costa Rica, Rodrigo Chaves, al inaugurar la feria.<\/p>\n<p><strong>Fuente: La Tribuna<\/strong><\/p>\n","protected":false},"excerpt":{"rendered":"<p>Tegucigalpa,Honduras jueves 20 \u00a0octubre \u00a0 2022 M\u00e1s de 900 empresas locales e internacionales participan en la Feria BTM. En ella, buscan establecer negocios y promover los encadenamientos productivos, informaron los organizadores. La Promotora de Comercio Exterior de Costa Rica (Procomer) detall\u00f3 que, en el evento, que concluir\u00e1 el jueves, se congregan 374 empresas compradoras de &hellip;<\/p>\n","protected":false},"author":0,"featured_media":37813,"comment_status":"open","ping_status":"open","sticky":false,"template":"","format":"standard","meta":{"_jetpack_memberships_contains_paid_content":false,"footnotes":""},"categories":[5],"tags":[],"class_list":["post-37812","post","type-post","status-publish","format-standard","has-post-thumbnail","","category-noticias"],"jetpack_sharing_enabled":true,"jetpack_featured_media_url":"https:\/\/mickyandoniehn.com\/radio\/wp-content\/uploads\/2022\/10\/Unknown-13-OZMyrW.jpeg","_links":{"self":[{"href":"https:\/\/mickyandoniehn.com\/radio\/wp-json\/wp\/v2\/posts\/37812","targetHints":{"allow":["GET"]}}],"collection":[{"href":"https:\/\/mickyandoniehn.com\/radio\/wp-json\/wp\/v2\/posts"}],"about":[{"href":"https:\/\/mickyandoniehn.com\/radio\/wp-json\/wp\/v2\/types\/post"}],"replies":[{"embeddable":true,"href":"https:\/\/mickyandoniehn.com\/radio\/wp-json\/wp\/v2\/comments?post=37812"}],"version-history":[{"count":0,"href":"https:\/\/mickyandoniehn.com\/radio\/wp-json\/wp\/v2\/posts\/37812\/revisions"}],"wp:featuredmedia":[{"embeddable":true,"href":"https:\/\/mickyandoniehn.com\/radio\/wp-json\/wp\/v2\/media\/37813"}],"wp:attachment":[{"href":"https:\/\/mickyandoniehn.com\/radio\/wp-json\/wp\/v2\/media?parent=37812"}],"wp:term":[{"taxonomy":"category","embeddable":true,"href":"https:\/\/mickyandoniehn.com\/radio\/wp-json\/wp\/v2\/categories?post=37812"},{"taxonomy":"post_tag","embeddable":true,"href":"https:\/\/mickyandoniehn.com\/radio\/wp-json\/wp\/v2\/tags?post=37812"}],"curies":[{"name":"wp","href":"https:\/\/api.w.org\/{rel}","templated":true}]}}