{"id":37810,"date":"2022-10-20T07:13:08","date_gmt":"2022-10-20T13:13:08","guid":{"rendered":"https:\/\/mickyandoniehn.com\/radio\/2022\/10\/20\/el-banco-mundial-bm-recomienda-a-gobiernos-mejorar-el-gasto-publico\/"},"modified":"2022-10-20T07:13:08","modified_gmt":"2022-10-20T13:13:08","slug":"el-banco-mundial-bm-recomienda-a-gobiernos-mejorar-el-gasto-publico","status":"publish","type":"post","link":"https:\/\/mickyandoniehn.com\/radio\/2022\/10\/20\/el-banco-mundial-bm-recomienda-a-gobiernos-mejorar-el-gasto-publico\/","title":{"rendered":"El Banco Mundial (BM) recomienda a gobiernos mejorar el gasto p\u00fablico"},"content":{"rendered":"<p><strong>Tegucigalpa,Honduras jueves 20 \u00a0octubre \u00a0 2022<\/strong><\/p>\n<\/p>\n<p><a href=\"https:\/\/www.bancomundial.org\/es\/home\">El Banco Mundial (BM)<\/a> cree que las econom\u00edas de Am\u00e9rica Latina y el Caribe crecer\u00e1n de media m\u00e1s de lo esperado en 2022, aunque este crecimiento se ralentizar\u00e1 en 2023 y 2024.<\/p>\n<p>Seg\u00fan su informe de perspectivas econ\u00f3micas para la regi\u00f3n \u00abNuevos enfoques para cerrar la brecha fiscal\u00bb, publicado ayer martes.<\/p>\n<p>El organismo considera que las econom\u00edas latinoamericanas ya se han recuperado pr\u00e1cticamente a sus niveles previos a la pandemia, pero con una salvedad.<\/p>\n<p>\u00abParte del legado de la COVID-19 es que el promedio de la deuda de la regi\u00f3n aument\u00f3 unos diez puntos porcentuales\u00bb.<\/p>\n<p>As\u00ed lo explic\u00f3 el economista jefe para Am\u00e9rica Latina y el Caribe del BM, William Maloney, durante una rueda de prensa.<\/p>\n<p>Para Maloney, este crecimiento de la deuda ser\u00e1 clave, ya que tiene el potencial de ralentizar el ritmo de crecimiento de las econom\u00edas regionales.<\/p>\n<h2><strong>Fuertes subidas de los tipos de inter\u00e9s<\/strong><\/h2>\n<p>Adem\u00e1s, las fuertes subidas de los tipos de inter\u00e9s ordenadas por los principales bancos centrales del mundo para tratar de poner coto a la inflaci\u00f3n dificultar\u00e1n a\u00fan m\u00e1s la lucha contra la brecha fiscal.<\/p>\n<p>Con todo, los economistas del BM proyectan una subida en 2022 del 3% del Producto Interior Bruto (PIB) de la regi\u00f3n, superior a sus estimaciones anteriores, gracias, sobre todo, al ascenso de los precios de algunas materias primas como resultado de la invasi\u00f3n rusa de Ucrania.<\/p>\n<p>Sin embargo, estas condiciones favorables se convertir\u00e1n en obst\u00e1culos cuando las mismas materias primas bajen de precio en 2023, en torno a un 10%, seg\u00fan proyecta el Fondo Monetario Internacional (FMI).<\/p>\n<p>El BM prev\u00e9 que ese a\u00f1o las econom\u00edas latinoamericanas crezcan solo un 1.6%, mientras que para 2024 proyecta un incremento del PIB de la regi\u00f3n del 2.3%.<\/p>\n<p>Esta situaci\u00f3n de desaceleraci\u00f3n conlleva el riesgo de que se enquisten las desigualdades del sistema econ\u00f3mico previas a la pandemia -o agravadas por ella- como la pobreza o la inseguridad alimentaria de una gran parte de la poblaci\u00f3n.<\/p>\n<p>Por ello, el Banco Mundial anima a los gobiernos de la regi\u00f3n a \u00abreconsiderar su senda de crecimiento\u00bb, dice el informe.<\/p>\n<p>En este sentido, una de las recomendaciones m\u00e1s repetidas por Maloney fue la de mejorar el gasto p\u00fablico de las administraciones.<\/p>\n<p>La instituci\u00f3n estima que en torno al 17% del presupuesto p\u00fablico se malgasta en iniciativas poco eficientes o gastos de personal innecesarios.<\/p>\n<p>Para casi dos tercios de los pa\u00edses analizados, ahorrar este dinero podr\u00eda suponer eliminar por completo los d\u00e9ficits en el presupuesto p\u00fablico.<\/p>\n<p><strong>Fuente: La Tribuna<\/strong><\/p>\n","protected":false},"excerpt":{"rendered":"<p>Tegucigalpa,Honduras jueves 20 \u00a0octubre \u00a0 2022 El Banco Mundial (BM) cree que las econom\u00edas de Am\u00e9rica Latina y el Caribe crecer\u00e1n de media m\u00e1s de lo esperado en 2022, aunque este crecimiento se ralentizar\u00e1 en 2023 y 2024. Seg\u00fan su informe de perspectivas econ\u00f3micas para la regi\u00f3n \u00abNuevos enfoques para cerrar la brecha fiscal\u00bb, publicado &hellip;<\/p>\n","protected":false},"author":0,"featured_media":37811,"comment_status":"open","ping_status":"open","sticky":false,"template":"","format":"standard","meta":{"_jetpack_memberships_contains_paid_content":false,"footnotes":""},"categories":[5],"tags":[],"class_list":["post-37810","post","type-post","status-publish","format-standard","has-post-thumbnail","","category-noticias"],"jetpack_sharing_enabled":true,"jetpack_featured_media_url":"https:\/\/mickyandoniehn.com\/radio\/wp-content\/uploads\/2022\/10\/Unknown-12-cp81Uz.jpeg","_links":{"self":[{"href":"https:\/\/mickyandoniehn.com\/radio\/wp-json\/wp\/v2\/posts\/37810","targetHints":{"allow":["GET"]}}],"collection":[{"href":"https:\/\/mickyandoniehn.com\/radio\/wp-json\/wp\/v2\/posts"}],"about":[{"href":"https:\/\/mickyandoniehn.com\/radio\/wp-json\/wp\/v2\/types\/post"}],"replies":[{"embeddable":true,"href":"https:\/\/mickyandoniehn.com\/radio\/wp-json\/wp\/v2\/comments?post=37810"}],"version-history":[{"count":0,"href":"https:\/\/mickyandoniehn.com\/radio\/wp-json\/wp\/v2\/posts\/37810\/revisions"}],"wp:featuredmedia":[{"embeddable":true,"href":"https:\/\/mickyandoniehn.com\/radio\/wp-json\/wp\/v2\/media\/37811"}],"wp:attachment":[{"href":"https:\/\/mickyandoniehn.com\/radio\/wp-json\/wp\/v2\/media?parent=37810"}],"wp:term":[{"taxonomy":"category","embeddable":true,"href":"https:\/\/mickyandoniehn.com\/radio\/wp-json\/wp\/v2\/categories?post=37810"},{"taxonomy":"post_tag","embeddable":true,"href":"https:\/\/mickyandoniehn.com\/radio\/wp-json\/wp\/v2\/tags?post=37810"}],"curies":[{"name":"wp","href":"https:\/\/api.w.org\/{rel}","templated":true}]}}