{"id":37808,"date":"2022-10-20T07:13:08","date_gmt":"2022-10-20T13:13:08","guid":{"rendered":"https:\/\/mickyandoniehn.com\/radio\/2022\/10\/20\/espana-y-latinoamerica-unen-sus-esfuerzos-por-un-cine-inclusivo\/"},"modified":"2022-10-20T07:13:08","modified_gmt":"2022-10-20T13:13:08","slug":"espana-y-latinoamerica-unen-sus-esfuerzos-por-un-cine-inclusivo","status":"publish","type":"post","link":"https:\/\/mickyandoniehn.com\/radio\/2022\/10\/20\/espana-y-latinoamerica-unen-sus-esfuerzos-por-un-cine-inclusivo\/","title":{"rendered":"Espa\u00f1a y Latinoam\u00e9rica unen sus esfuerzos por un cine inclusivo"},"content":{"rendered":"<p><strong>Tegucigalpa,Honduras jueves 20 \u00a0octubre \u00a0 2022<\/strong><\/p>\n<\/p>\n<p>Festivales de cine inclusivo de Espa\u00f1a y Latinoam\u00e9rica se unieron en una red, convencidos de que juntos ser\u00e1n \u00abm\u00e1s que la suma de sus partes\u00bb, en sus objetivos de fomentar un s\u00e9ptimo arte accesible \u00aba todo el mundo\u00bb, mostrar un mundo \u00abdiverso\u00bb y avanzar en la inclusi\u00f3n de las personas con discapacidad.<\/p>\n<p>Con esta misi\u00f3n este mi\u00e9rcoles firmaron la denominada \u00abCarta de M\u00e9rida\u00bb, ciudad del suroeste de Espa\u00f1a, que esta semana celebra su V Semana de Cine Inclusivo y Discapacidad (SECINDI).<\/p>\n<p>Este certamen, junto al Festival We Can Fest de Colombia, han impulsado la creaci\u00f3n de esta Red Iberoamericana de Festivales de Cine Inclusivo.<\/p>\n<p>Los directores de ambas muestras, Antonio Gil Aparicio y Christian Ossa, respectivamente, mostraron su satisfacci\u00f3n por poner en marcha esta iniciativa, a la que tambi\u00e9n se han sumado los festivales \u00abTodos somos diferentes\u00bb de Chile, FICSOR-FICDA de Argentina, ACCECINE de Per\u00fa, REELABILITIES de M\u00e9xico y, por parte de Espa\u00f1a, INCLUS y el Festival de Cine Inclusivo de Vigo, adem\u00e1s de la SECINDI.<\/p>\n<p>Se trata de impulsar \u00abuna cinematograf\u00eda accesible a todo el mundo y que los espectadores se hagan eco de lo que significa la discapacidad y la inclusi\u00f3n\u00bb, manifest\u00f3 Gil Aparicio en rueda de prensa.<\/p>\n<p>Para ello cuentan con una \u00abherramienta fant\u00e1stica\u00bb como es el cine, que permite \u00abencontrarnos y reconocernos desde la diferencia\u00bb, indic\u00f3 Ossa, para quien uno de las misiones de la red debe ser \u00abconectar con una audiencia que son el diez por ciento de la humanidad, que son las personas con discapacidad\u00bb.<\/p>\n<p>En la presentaci\u00f3n tambi\u00e9n intervino, con un v\u00eddeo, la directora de ACCECINE, Elisabeth Campos, quien aplaudi\u00f3 este proyecto porque permitir\u00e1 no s\u00f3lo compartir experiencias entre los profesionales del sector, sino tambi\u00e9n promover la inclusi\u00f3n de las personas con discapacidad y que estas puedan tambi\u00e9n \u00abdisfrutar del arte\u00bb.<\/p>\n<p>\u00abTodo ser\u00e1 m\u00e1s que la suma de sus partes\u00bb, manifest\u00f3 Rita Romanowsky, directora del festival mexicano ReelAbilities, sobre la puesta en marcha de una red de alcance iberoamericano, de la que Federico Sikes, del FICSOR-FICDA, destac\u00f3 su potencial para \u00abvisibilizar\u00bb la importancia de tener espacios accesibles y eliminar las barreras en el acceso a la informaci\u00f3n, el entretenimiento y la cultura.<\/p>\n<p>Con esta red se busca adem\u00e1s dar respuestas en un sector que ha vivido \u00abde espaldas\u00bb a la discapacidad, seg\u00fan manifest\u00f3 el guionista Pablo Tob\u00edas, quien tambi\u00e9n particip\u00f3 en la presentaci\u00f3n de la red en M\u00e9rida.<\/p>\n<p>No obstante, resalt\u00f3 los trabajados que en los \u00faltimos tiempos se est\u00e1n desarrollando para visualizar la discapacidad y con ello fomentar la inclusi\u00f3n, ofreciendo una \u00abnueva mirada\u00bb.<\/p>\n<p>\u00ab\u00bfC\u00f3mo lo conseguimos? \u00c9sa es la gran pregunta\u00bb, afirm\u00f3 Tob\u00edas, quien se plante\u00f3 hasta qu\u00e9 punto es factible tener un elenco de actores y actrices con discapacidad y advirti\u00f3 del peligro de \u00abcaer en la trampa\u00bb, cuando se incluye en una producci\u00f3n a un personaje con discapacidad, de que su discapacidad se convierta en el todo de su papel.<\/p>\n<p>Christian Ossa se\u00f1al\u00f3 que con esta nueva red se persigue tambi\u00e9n compartir experiencias y visiones y que los pa\u00edses participantes, unidos por la misma lengua, aprendan unos de otros.<\/p>\n<p>Por su parte, se\u00f1al\u00f3 como \u00abasignatura pendiente\u00bb que se \u00abdeber\u00eda empezar a obligar\u00bb a que las producciones que reciban ayudas p\u00fablicas deban estar subtituladas, algo que productores y distribuidores \u00abno tienen en cuenta, y ya no digamos la audiodescripci\u00f3n\u00bb, lament\u00f3.<\/p>\n<p><strong>Fuente: La Tribuna<\/strong><\/p>\n","protected":false},"excerpt":{"rendered":"<p>Tegucigalpa,Honduras jueves 20 \u00a0octubre \u00a0 2022 Festivales de cine inclusivo de Espa\u00f1a y Latinoam\u00e9rica se unieron en una red, convencidos de que juntos ser\u00e1n \u00abm\u00e1s que la suma de sus partes\u00bb, en sus objetivos de fomentar un s\u00e9ptimo arte accesible \u00aba todo el mundo\u00bb, mostrar un mundo \u00abdiverso\u00bb y avanzar en la inclusi\u00f3n de las &hellip;<\/p>\n","protected":false},"author":0,"featured_media":37809,"comment_status":"open","ping_status":"open","sticky":false,"template":"","format":"standard","meta":{"_jetpack_memberships_contains_paid_content":false,"footnotes":""},"categories":[5],"tags":[],"class_list":["post-37808","post","type-post","status-publish","format-standard","has-post-thumbnail","","category-noticias"],"jetpack_sharing_enabled":true,"jetpack_featured_media_url":"https:\/\/mickyandoniehn.com\/radio\/wp-content\/uploads\/2022\/10\/cine-696x399-1-nuoVBd.jpeg","_links":{"self":[{"href":"https:\/\/mickyandoniehn.com\/radio\/wp-json\/wp\/v2\/posts\/37808","targetHints":{"allow":["GET"]}}],"collection":[{"href":"https:\/\/mickyandoniehn.com\/radio\/wp-json\/wp\/v2\/posts"}],"about":[{"href":"https:\/\/mickyandoniehn.com\/radio\/wp-json\/wp\/v2\/types\/post"}],"replies":[{"embeddable":true,"href":"https:\/\/mickyandoniehn.com\/radio\/wp-json\/wp\/v2\/comments?post=37808"}],"version-history":[{"count":0,"href":"https:\/\/mickyandoniehn.com\/radio\/wp-json\/wp\/v2\/posts\/37808\/revisions"}],"wp:featuredmedia":[{"embeddable":true,"href":"https:\/\/mickyandoniehn.com\/radio\/wp-json\/wp\/v2\/media\/37809"}],"wp:attachment":[{"href":"https:\/\/mickyandoniehn.com\/radio\/wp-json\/wp\/v2\/media?parent=37808"}],"wp:term":[{"taxonomy":"category","embeddable":true,"href":"https:\/\/mickyandoniehn.com\/radio\/wp-json\/wp\/v2\/categories?post=37808"},{"taxonomy":"post_tag","embeddable":true,"href":"https:\/\/mickyandoniehn.com\/radio\/wp-json\/wp\/v2\/tags?post=37808"}],"curies":[{"name":"wp","href":"https:\/\/api.w.org\/{rel}","templated":true}]}}