{"id":37259,"date":"2022-10-13T09:12:41","date_gmt":"2022-10-13T15:12:41","guid":{"rendered":"http:\/\/mickyandoniehn.com\/radio\/2022\/10\/13\/impulsan-proyecto-para-humanizar-la-atencion-a-migrantes\/"},"modified":"2022-10-13T09:12:41","modified_gmt":"2022-10-13T15:12:41","slug":"impulsan-proyecto-para-humanizar-la-atencion-a-migrantes","status":"publish","type":"post","link":"https:\/\/mickyandoniehn.com\/radio\/2022\/10\/13\/impulsan-proyecto-para-humanizar-la-atencion-a-migrantes\/","title":{"rendered":"Impulsan proyecto para humanizar la atenci\u00f3n a migrantes"},"content":{"rendered":"<p><strong>Tegucigalpa,Honduras jueves 13 \u00a0octubre 2022<\/strong><\/p>\n<\/p>\n<p>Para mejorar las condiciones del cuidado y atenci\u00f3n brindada a personas migrantes en tr\u00e1nsito o personas retornadas en Guatemala, Honduras, El Salvador, Belice, Costa Rica y Panam\u00e1, la Secretar\u00eda de la Integraci\u00f3n Social Centroamericana (SISCA) impulsa el proyecto Acompa\u00f1arte \u201cApoyando a personas migrantes y retornados\u201d.<\/p>\n<p>La iniciativa se desarrolla en conjunto con la Embajada de Canad\u00e1 en El Salvador, a trav\u00e9s del Fondo Canad\u00e1 para Iniciativas Locales (FCIL), para que la primera condici\u00f3n que tengan los migrantes en sus lugares de acogida y albergue sea m\u00e1s humana.<\/p>\n<p>Este proyecto le apuesta a la formaci\u00f3n y capacitaci\u00f3n del personal de las instituciones encargadas de la recepci\u00f3n y albergue de personas migrantes, a trav\u00e9s de la ense\u00f1anza en los procesos de apoyo psicosocial.<\/p>\n<p>Particularmente se enfatiza en el manejo de experiencias traum\u00e1ticas, intervenci\u00f3n preventiva sobre la autoestima y el suicido en la ni\u00f1ez, adolescencia y juventud en condiciones de vulnerabilidad y riesgo de migraci\u00f3n irregular; autocuidado y prevenci\u00f3n del agotamiento emocional.<\/p>\n<p>El abordaje de estas tem\u00e1ticas tiene como fin mejorar la calidad del buen trato y la prestaci\u00f3n de servicios de atenci\u00f3n psicosocial.<\/p>\n<h2>CUIDADO B\u00c1SICO<\/h2>\n<p>A trav\u00e9s del proyecto Acompa\u00f1arte, la SISCA busca mejorar el cuidado y atenci\u00f3n a migrantes centroamericanos.<\/p>\n<p>El proyecto tambi\u00e9n contempla la provisi\u00f3n de suministros de cuidado b\u00e1sico a los centros de atenci\u00f3n en cada uno de los seis pa\u00edses beneficiarios, con el fin de reducir el riesgo de infecci\u00f3n por COVID-19, al cubrir determinadas necesidades de higiene dentro de los establecimientos.<\/p>\n<p>Tambi\u00e9n se incluye la divulgaci\u00f3n de informaci\u00f3n sobre la importancia del acompa\u00f1amiento psicosocial en el bienestar integral de las personas migrantes, para lograr una mejor integraci\u00f3n y reintegraci\u00f3n en sus lugares de origen y de paso.<\/p>\n<p>La secretaria general de la SISCA, Anita Zetina, manifest\u00f3 que \u201ccada migrante es una historia de vida con sue\u00f1os, decisiones, emociones, experiencias, oportunidades y proyectos de vida\u201d.<\/p>\n<p>Agreg\u00f3 que \u201cno podemos dejar que esa historia se vea da\u00f1ada por las situaciones dif\u00edciles y el sufrimiento emocional que pueden tener en el ciclo migratorio. Es importante promover su bienestar y fortalecer sus redes de apoyo\u201d.<\/p>\n<p>La secretaria Zetina asegura que este proyecto alineado a los instrumentos estrat\u00e9gicos del Consejo de la Integraci\u00f3n Social Centroamericana como: la Pol\u00edtica Social Integral Regional del SICA (PSIR-SICA) y la Agenda Regional Intersectorial sobre Protecci\u00f3n Social e Inclusi\u00f3n Productiva con Equidad (ARIPSIP), viene a apoyar la labor que se ha venido desarrollando desde el \u00e1rea social del SICA, en favor de la inclusi\u00f3n social y productiva de la poblaci\u00f3n migrante, retornada y en riesgo de migraci\u00f3n irregular.<\/p>\n<p><strong>DATOS<\/strong><br \/>\nPor su parte, la ministra de Estado en el Ministerio de Desarrollo Humano, Familias y Asuntos de los Pueblos Ind\u00edgenas de Belice, Elvia Vega-Santos, expres\u00f3 que \u201cel Gobierno de Canad\u00e1 se suma a los esfuerzos que, como Centroam\u00e9rica, estamos realizando para recibir con dignidad a nuestros migrantes; para Belice, esta es una acci\u00f3n muy importante\u201d.<\/p>\n<p><strong>POR PARTE DE CANADA<\/strong><\/p>\n<h3><strong>UN VALIOSO APORTE A LA REGI\u00d3N<\/strong><\/h3>\n<p>La Encargada de Negocios de la Embajada de Canad\u00e1 en El Salvador, Am\u00e9lie Geoffroy, resalt\u00f3 la relevancia del proyecto y la contribuci\u00f3n a nivel regional en la promoci\u00f3n de una migraci\u00f3n regular, segura y ordenada.<\/p>\n<p>\u201cComo amigo, aliado y socio regional, Canad\u00e1 est\u00e1 comprometido con ayudar a los pa\u00edses de la regi\u00f3n a abordar los altos niveles de violencia y los desaf\u00edos econ\u00f3micos que han contribuido a un aumento significativo de la migraci\u00f3n irregular que pone a las personas ya vulnerables en mayor riesgo\u201d.<\/p>\n<p>A\u00f1adi\u00f3 que \u201cuna de las prioridades de nuestro gobierno es trabajar con otros estados para fortalecer los sistemas de protecci\u00f3n\u201d.<\/p>\n<p><strong>Fuente: La Tribuna<\/strong><\/p>\n","protected":false},"excerpt":{"rendered":"<p>Tegucigalpa,Honduras jueves 13 \u00a0octubre 2022 Para mejorar las condiciones del cuidado y atenci\u00f3n brindada a personas migrantes en tr\u00e1nsito o personas retornadas en Guatemala, Honduras, El Salvador, Belice, Costa Rica y Panam\u00e1, la Secretar\u00eda de la Integraci\u00f3n Social Centroamericana (SISCA) impulsa el proyecto Acompa\u00f1arte \u201cApoyando a personas migrantes y retornados\u201d. La iniciativa se desarrolla en &hellip;<\/p>\n","protected":false},"author":0,"featured_media":37260,"comment_status":"open","ping_status":"open","sticky":false,"template":"","format":"standard","meta":{"_jetpack_memberships_contains_paid_content":false,"footnotes":""},"categories":[5],"tags":[],"class_list":["post-37259","post","type-post","status-publish","format-standard","has-post-thumbnail","","category-noticias"],"jetpack_sharing_enabled":true,"jetpack_featured_media_url":"https:\/\/mickyandoniehn.com\/radio\/wp-content\/uploads\/2022\/10\/MIGRANTES-2-1-AvRSPz.jpeg","_links":{"self":[{"href":"https:\/\/mickyandoniehn.com\/radio\/wp-json\/wp\/v2\/posts\/37259","targetHints":{"allow":["GET"]}}],"collection":[{"href":"https:\/\/mickyandoniehn.com\/radio\/wp-json\/wp\/v2\/posts"}],"about":[{"href":"https:\/\/mickyandoniehn.com\/radio\/wp-json\/wp\/v2\/types\/post"}],"replies":[{"embeddable":true,"href":"https:\/\/mickyandoniehn.com\/radio\/wp-json\/wp\/v2\/comments?post=37259"}],"version-history":[{"count":0,"href":"https:\/\/mickyandoniehn.com\/radio\/wp-json\/wp\/v2\/posts\/37259\/revisions"}],"wp:featuredmedia":[{"embeddable":true,"href":"https:\/\/mickyandoniehn.com\/radio\/wp-json\/wp\/v2\/media\/37260"}],"wp:attachment":[{"href":"https:\/\/mickyandoniehn.com\/radio\/wp-json\/wp\/v2\/media?parent=37259"}],"wp:term":[{"taxonomy":"category","embeddable":true,"href":"https:\/\/mickyandoniehn.com\/radio\/wp-json\/wp\/v2\/categories?post=37259"},{"taxonomy":"post_tag","embeddable":true,"href":"https:\/\/mickyandoniehn.com\/radio\/wp-json\/wp\/v2\/tags?post=37259"}],"curies":[{"name":"wp","href":"https:\/\/api.w.org\/{rel}","templated":true}]}}