{"id":37257,"date":"2022-10-13T09:12:41","date_gmt":"2022-10-13T15:12:41","guid":{"rendered":"http:\/\/mickyandoniehn.com\/radio\/2022\/10\/13\/jardin-nacional-de-comayaguela-115-anos-de-hacer-historia-y-formar-ninos-en-preescolar\/"},"modified":"2022-10-13T09:12:41","modified_gmt":"2022-10-13T15:12:41","slug":"jardin-nacional-de-comayaguela-115-anos-de-hacer-historia-y-formar-ninos-en-preescolar","status":"publish","type":"post","link":"https:\/\/mickyandoniehn.com\/radio\/2022\/10\/13\/jardin-nacional-de-comayaguela-115-anos-de-hacer-historia-y-formar-ninos-en-preescolar\/","title":{"rendered":"Jard\u00edn Nacional de Comayag\u00fcela: 115 a\u00f1os de hacer historia y formar ni\u00f1os en preescolar"},"content":{"rendered":"<p><strong>Tegucigalpa,Honduras jueves 13 \u00a0octubre 2022<\/strong><\/p>\n<\/p>\n<p>El Jard\u00edn Nacional de Comayag\u00fcela encierra en sus aulas muchos a\u00f1os de historia, por donde han pasado centenares de hondure\u00f1os que iniciaron ah\u00ed su vida escolar, guiados por maestros que, hasta hoy, contin\u00faan siendo pilar de la educaci\u00f3n preescolar, aunque sean otras caras y nombres en comparaci\u00f3n a quienes iniciaron hace 115 a\u00f1os.<\/p>\n<p>Este k\u00ednder ubicado en Comayag\u00fcela, espec\u00edficamente frente al edificio anexo del Instituto Hibueras, fue fundado en 1907 como escuela de P\u00e1rvulos del Gobierno, quienes en aquel entonces solicitaron ayuda a una docente de Costa Rica mirando la necesidad que hab\u00eda para los ni\u00f1os de 3 a 6 a\u00f1os que se quedaban en la casa haciendo pr\u00e1cticamente nada.<\/p>\n<p>Pertenece al Distrito Educativo n\u00famero 9 a cargo del licenciado Gerardo Lozano, cuenta con jornada matutina y vespertina. Actualmente cuentan con 19 docentes, ya que, por baja matr\u00edcula, se separ\u00f3 a cuatro maestros.<\/p>\n<p>Con el pasar de los a\u00f1os han logrado sobrevivir y formar a muchos ni\u00f1os, sin embargo, han tenido retos, y uno de los m\u00e1s recientes ha sido la pandemia del COVID-19.<a href=\"https:\/\/hondudiario.com\/wp-content\/uploads\/2022\/09\/WhatsApp-Image-2022-09-27-at-8.09.31-AM-1.jpeg\"><br \/>\nA inicios de dicha pandemia en 2020, ten\u00edan una matr\u00edcula de 412 ni\u00f1os, en el 2021 baj\u00f3 a 246 y actualmente cuentan con 204 alumnos.<\/a><\/p>\n<p><a href=\"https:\/\/hondudiario.com\/wp-content\/uploads\/2022\/09\/WhatsApp-Image-2022-09-27-at-8.09.31-AM-1.jpeg\">Seg\u00fan los maestros de dicho centro, \u00e9ste precisamente ha sido uno de los mayores retos que les trajo el COVID-19, el incremento de matr\u00edcula ya que no se ha dado por parte del Gobierno un apoyo para poder trabajar de manera virtual en preb\u00e1sica.<\/a><\/p>\n<p><a href=\"https:\/\/hondudiario.com\/wp-content\/uploads\/2022\/09\/WhatsApp-Image-2022-09-27-at-8.09.31-AM-1.jpeg\">\u201cHa sido el nivel m\u00e1s desprotegido, nuestros padres, en un 95 por ciento, trabajando en los mercados, los cuales permanecieron un buen tiempo cerrado y hemos tenido que buscar estrategias dando tutor\u00edas a ellos para que les ensenaran en casa\u201d, indic\u00f3 la directora del centro, Deysi L\u00f3pez Flores, en declaraciones a <strong>Hondudiario.<\/strong><\/a><\/p>\n<p><a href=\"https:\/\/hondudiario.com\/wp-content\/uploads\/2022\/09\/WhatsApp-Image-2022-09-27-at-8.09.31-AM-1.jpeg\">\u201cEn este a\u00f1o gracias a Dios ya hemos retornado al 100 por ciento, tomando nuestras propias medidas de bioseguridad con ayuda y colaboraci\u00f3n de los padres\u201d, a\u00f1adi\u00f3.<\/a><\/p>\n<p><a href=\"https:\/\/hondudiario.com\/wp-content\/uploads\/2022\/09\/WhatsApp-Image-2022-09-27-at-8.09.30-AM-1.jpeg\"><br \/>\nEntre los retos a vencer para el pr\u00f3ximo a\u00f1o, est\u00e1n: en primer lugar, que aumentar la matr\u00edcula en ambas jornadas, asimismo, trabajar de manera presencial al 100 por ciento.<\/a><\/p>\n<p><a href=\"https:\/\/hondudiario.com\/wp-content\/uploads\/2022\/09\/WhatsApp-Image-2022-09-27-at-8.09.30-AM-1.jpeg\">De igual forma, esperan contar con el apoyo del Gobierno ya que estos a\u00f1os atr\u00e1s no lo han visto de manera tangible, como en el hecho que se les proporcione la merienda escolar y con textos escolares que ayuden al aprendizaje de los menores.<\/a><\/p>\n<p><a href=\"https:\/\/hondudiario.com\/wp-content\/uploads\/2022\/09\/WhatsApp-Image-2022-09-27-at-8.09.30-AM-1.jpeg\">Sin embargo y pese a los obst\u00e1culos que hoy viven, celebran con emoci\u00f3n el ser el primer centro de preb\u00e1sica fundado en el pa\u00eds y lograr bajo esta haza\u00f1a, arribar a los 115 a\u00f1os, siendo una instituci\u00f3n referente en cuanto a la educaci\u00f3n preb\u00e1sica en el capital.<\/a><\/p>\n<p><a href=\"https:\/\/hondudiario.com\/wp-content\/uploads\/2022\/09\/WhatsApp-Image-2022-09-27-at-8.09.30-AM-1.jpeg\">Por este motivo, envi\u00f3 un mensaje a padres, maestros y alumnos, para continuar con esta labor.<\/a><\/p>\n<p><a href=\"https:\/\/hondudiario.com\/wp-content\/uploads\/2022\/09\/WhatsApp-Image-2022-09-27-at-8.09.30-AM.jpeg\"><br \/>\n\u201cQue sigamos adelante con esta misi\u00f3n y que cada d\u00eda nuestro centro sea el ejemplo en la educaci\u00f3n preb\u00e1sica a nivel nacional y a los padres que siempre apoyan a sus hijos ya que somos el pilar en el sistema educativo, nunca bajemos la guardia. Nuestro centro siempre va a resplandecer, si permanecemos unidos. Son 115 a\u00f1os de hacer historia en educaci\u00f3n preb\u00e1sica a nivel nacional\u201d, coment\u00f3 L\u00f3pez Flores.<\/a><\/p>\n<p><a href=\"https:\/\/hondudiario.com\/wp-content\/uploads\/2022\/09\/WhatsApp-Image-2022-09-27-at-8.09.30-AM.jpeg\">Finalmente, se\u00f1al\u00f3 que, \u201cestamos orgullosos celebrar estos 115 a\u00f1os no cualquier centro los cumple hemos sido y seguiremos siendo el pilar en la educaci\u00f3n preb\u00e1sica a nivel nacional, por lo que esperamos seguir celebrando muchos a\u00f1os m\u00e1s llenos de mucha alegr\u00eda y de fortalecimiento\u201d.<\/a><\/p>\n<p><a href=\"https:\/\/hondudiario.com\/wp-content\/uploads\/2022\/09\/WhatsApp-Image-2022-09-27-at-8.09.30-AM.jpeg\">\u201cEl \u201cNacional\u201d es un orgullo de la ciudad de Comayag\u00fcela ya que fue el primer centro de pre b\u00e1sica a nivel nacional y nos sentimos orgullosos de ser parte de este centro educativo en la que ha egresado tantas generaciones y que hoy que contribuyen al desarrollo de nuestro pa\u00eds.\u00a0 El Jard\u00edn Nacional es reconocido a nivel nacional e internacional como pionero de educaci\u00f3n preb\u00e1sica\u201d, concluy\u00f3. <\/a><\/p>\n<p><strong>Fuente: La Tribuna<\/strong><\/p>\n","protected":false},"excerpt":{"rendered":"<p>Tegucigalpa,Honduras jueves 13 \u00a0octubre 2022 El Jard\u00edn Nacional de Comayag\u00fcela encierra en sus aulas muchos a\u00f1os de historia, por donde han pasado centenares de hondure\u00f1os que iniciaron ah\u00ed su vida escolar, guiados por maestros que, hasta hoy, contin\u00faan siendo pilar de la educaci\u00f3n preescolar, aunque sean otras caras y nombres en comparaci\u00f3n a quienes iniciaron &hellip;<\/p>\n","protected":false},"author":0,"featured_media":37258,"comment_status":"open","ping_status":"open","sticky":false,"template":"","format":"standard","meta":{"_jetpack_memberships_contains_paid_content":false,"footnotes":""},"categories":[5],"tags":[],"class_list":["post-37257","post","type-post","status-publish","format-standard","has-post-thumbnail","","category-noticias"],"jetpack_sharing_enabled":true,"jetpack_featured_media_url":"https:\/\/mickyandoniehn.com\/radio\/wp-content\/uploads\/2022\/10\/WhatsApp-Image-2022-09-27-at-8.09.31-AM-2-WLcqvU.jpeg","_links":{"self":[{"href":"https:\/\/mickyandoniehn.com\/radio\/wp-json\/wp\/v2\/posts\/37257","targetHints":{"allow":["GET"]}}],"collection":[{"href":"https:\/\/mickyandoniehn.com\/radio\/wp-json\/wp\/v2\/posts"}],"about":[{"href":"https:\/\/mickyandoniehn.com\/radio\/wp-json\/wp\/v2\/types\/post"}],"replies":[{"embeddable":true,"href":"https:\/\/mickyandoniehn.com\/radio\/wp-json\/wp\/v2\/comments?post=37257"}],"version-history":[{"count":0,"href":"https:\/\/mickyandoniehn.com\/radio\/wp-json\/wp\/v2\/posts\/37257\/revisions"}],"wp:featuredmedia":[{"embeddable":true,"href":"https:\/\/mickyandoniehn.com\/radio\/wp-json\/wp\/v2\/media\/37258"}],"wp:attachment":[{"href":"https:\/\/mickyandoniehn.com\/radio\/wp-json\/wp\/v2\/media?parent=37257"}],"wp:term":[{"taxonomy":"category","embeddable":true,"href":"https:\/\/mickyandoniehn.com\/radio\/wp-json\/wp\/v2\/categories?post=37257"},{"taxonomy":"post_tag","embeddable":true,"href":"https:\/\/mickyandoniehn.com\/radio\/wp-json\/wp\/v2\/tags?post=37257"}],"curies":[{"name":"wp","href":"https:\/\/api.w.org\/{rel}","templated":true}]}}