{"id":35371,"date":"2026-09-01T06:10:37","date_gmt":"2026-09-01T12:10:37","guid":{"rendered":"https:\/\/mickyandoniehn.com\/radio\/?p=35371"},"modified":"2025-09-12T17:14:26","modified_gmt":"2025-09-12T23:14:26","slug":"01-de-septiembre-de-1953-el-duo-de-texas-de-buddy-holly-y-bob-montgomery-audiciono-para-sunday-party-de-la-estacion-de-radio-kdav","status":"publish","type":"post","link":"https:\/\/mickyandoniehn.com\/radio\/2026\/09\/01\/01-de-septiembre-de-1953-el-duo-de-texas-de-buddy-holly-y-bob-montgomery-audiciono-para-sunday-party-de-la-estacion-de-radio-kdav\/","title":{"rendered":"UN DIA COMO HOY EN LA HISTORIA.  01 de septiembre de 1953. El d\u00fao de Texas de Buddy Holly y Bob Montgomery audicion\u00f3 para sunday Party de la Estaci\u00f3n de Radio KDAV."},"content":{"rendered":"<p><img loading=\"lazy\" decoding=\"async\" class=\"aligncenter wp-image-78375 size-full\" src=\"http:\/\/mickyandoniehn.com\/radio\/wp-content\/uploads\/2023\/09\/3.jpg\" alt=\"\" width=\"544\" height=\"670\" srcset=\"https:\/\/mickyandoniehn.com\/radio\/wp-content\/uploads\/2023\/09\/3.jpg 544w, https:\/\/mickyandoniehn.com\/radio\/wp-content\/uploads\/2023\/09\/3-244x300.jpg 244w\" sizes=\"auto, (max-width: 544px) 100vw, 544px\" \/><\/p>\n","protected":false},"excerpt":{"rendered":"","protected":false},"author":1,"featured_media":78366,"comment_status":"open","ping_status":"open","sticky":false,"template":"","format":"standard","meta":{"_jetpack_memberships_contains_paid_content":false,"footnotes":""},"categories":[18],"tags":[],"class_list":["post-35371","post","type-post","status-publish","format-standard","has-post-thumbnail","","category-un-dia-como-hoy-en-la-historia-de-la-musica"],"jetpack_sharing_enabled":true,"jetpack_featured_media_url":"https:\/\/mickyandoniehn.com\/radio\/wp-content\/uploads\/2023\/09\/El-duo-de-Texas-de-Buddy-Holly-y-Bob.png","_links":{"self":[{"href":"https:\/\/mickyandoniehn.com\/radio\/wp-json\/wp\/v2\/posts\/35371","targetHints":{"allow":["GET"]}}],"collection":[{"href":"https:\/\/mickyandoniehn.com\/radio\/wp-json\/wp\/v2\/posts"}],"about":[{"href":"https:\/\/mickyandoniehn.com\/radio\/wp-json\/wp\/v2\/types\/post"}],"author":[{"embeddable":true,"href":"https:\/\/mickyandoniehn.com\/radio\/wp-json\/wp\/v2\/users\/1"}],"replies":[{"embeddable":true,"href":"https:\/\/mickyandoniehn.com\/radio\/wp-json\/wp\/v2\/comments?post=35371"}],"version-history":[{"count":2,"href":"https:\/\/mickyandoniehn.com\/radio\/wp-json\/wp\/v2\/posts\/35371\/revisions"}],"predecessor-version":[{"id":78387,"href":"https:\/\/mickyandoniehn.com\/radio\/wp-json\/wp\/v2\/posts\/35371\/revisions\/78387"}],"wp:featuredmedia":[{"embeddable":true,"href":"https:\/\/mickyandoniehn.com\/radio\/wp-json\/wp\/v2\/media\/78366"}],"wp:attachment":[{"href":"https:\/\/mickyandoniehn.com\/radio\/wp-json\/wp\/v2\/media?parent=35371"}],"wp:term":[{"taxonomy":"category","embeddable":true,"href":"https:\/\/mickyandoniehn.com\/radio\/wp-json\/wp\/v2\/categories?post=35371"},{"taxonomy":"post_tag","embeddable":true,"href":"https:\/\/mickyandoniehn.com\/radio\/wp-json\/wp\/v2\/tags?post=35371"}],"curies":[{"name":"wp","href":"https:\/\/api.w.org\/{rel}","templated":true}]}}