{"id":29120,"date":"2022-08-29T08:12:34","date_gmt":"2022-08-29T14:12:34","guid":{"rendered":"https:\/\/mickyandoniehn.com\/radio\/2022\/08\/29\/unah-le-apuesta-a-la-cooperacion-con-dos-universidades-europeas\/"},"modified":"2022-08-29T08:12:34","modified_gmt":"2022-08-29T14:12:34","slug":"unah-le-apuesta-a-la-cooperacion-con-dos-universidades-europeas","status":"publish","type":"post","link":"https:\/\/mickyandoniehn.com\/radio\/2022\/08\/29\/unah-le-apuesta-a-la-cooperacion-con-dos-universidades-europeas\/","title":{"rendered":"UNAH le apuesta a la cooperaci\u00f3n con dos universidades europeas"},"content":{"rendered":"<p><strong>Tegucigalpa,Honduras lunes 29 agosto 2022<\/strong><\/p>\n<\/p>\n<div class=\"lg:w-[996px] lg:mx-auto\">\n<div class=\"font-['Helvetica'] mt-4 lg:w-[748px] lg:text-[19px] lg:leading-[21.85px] lg:mx-auto \">\n<div class=\"flex flex-col space-y-6  overflow-hidden\">\n<p>La Universidad Nacional Aut\u00f3noma de Honduras (UNAH), firm\u00f3 cartas de intenci\u00f3n con dos destacadas universidades a nivel mundial, la Universidad de Limoges, en Francia y de Berna, en Suiza.<\/p>\n<p>La r\u00fabrica para intercambios acad\u00e9micos e investigativos la realiz\u00f3 el vicerrector de Relaciones Internacionales, Marco Tulio Medina, en representaci\u00f3n del rector Francisco Herrera Alvarado.<\/p>\n<p>En detalle, la UNAH trabajar\u00e1 con el Instituto de Epidemiolog\u00eda Neurol\u00f3gica y Neurolog\u00eda Tropical de la Universidad de Limoges, con el profesor Pierre Marie Preux, con el objetivo de cooperar en las \u00e1reas de la academia, investigaci\u00f3n, vinculaci\u00f3n con la sociedad y otros temas de inter\u00e9s.<\/p>\n<p>Se busca que con la cooperaci\u00f3n se desarrollen trabajos conjuntos con programas acad\u00e9micos, de investigaci\u00f3n o formaci\u00f3n, intercambio de personal y estudiantes; organizaci\u00f3n de simposios, conferencias y similares; obtenci\u00f3n y gesti\u00f3n de fondos para el financiamiento de programas y cualquier otra colaboraci\u00f3n de inter\u00e9s mutuo.<\/p>\n<h2>INVESTIGACI\u00d3N CIENT\u00cdFICA<\/h2>\n<p>Seg\u00fan Presencia Universitaria, la Unidad de Neurolog\u00eda Tropical del Instituto de Neurolog\u00eda Tropical de Limoges es la \u00fanica que desarrolla investigaci\u00f3n en neuroepidemiolog\u00eda tropical en Europa, debido a la existencia de factores ambientales espec\u00edficos y gen\u00e9ticos, y las consecuencias de las afectaciones neurol\u00f3gicas en la salud p\u00fablica.<\/p>\n<p>Agrega que las tem\u00e1ticas de investigaci\u00f3n que desarrolla son la Neuroepidemiolog\u00eda, Neurolog\u00eda Tropical, Neuroparasitolog\u00eda; Biodiversidad, Epilepsia en la Zona Tropical, Demencia, Des\u00f3rdenes en la Zona Tropical y Toxoplasmosis.<\/p>\n<p>\u201cEl desarrollo de herramientas en zonas templadas y la adquisici\u00f3n de proyectos de investigaci\u00f3n brindan la oportunidad de evaluar los indicadores epidemiol\u00f3gicos de la demencia y s\u00edndromes relacionados y compararlos entre \u00e1reas urbanas y rurales, estudiar factores de riesgo y determinar los perfiles neuropsicol\u00f3gicos de los sujetos con demencia\u201d, expone la Universidad de Limoges en su p\u00e1gina web.<\/p>\n<div class=\"w-[92vw] lg:w-[748px]\"><\/div>\n<p>La UNAH espera poder estrechar lazos de cooperaci\u00f3n en investigaci\u00f3n cient\u00edfica con ambas universidades europeas<\/p>\n<h2>ACADEMIA Y VINCULACI\u00d3N<\/h2>\n<p>Con la Facultad de Medicina de la Universidad de Berna, a trav\u00e9s del decano, Claudio Bassetti, se impulsar\u00e1 a la academia, investigaci\u00f3n cient\u00edfica y vinculaci\u00f3n universidad y sociedad, se\u00f1ala Presencia Universitaria.<\/p>\n<p>\u201cCabe destacar que la Facultad de Medicina de la Universidad de Berna, es de las m\u00e1s grandes en Suiza y cuenta con unos 2,100 estudiantes en programas de pregrado, posgrado y de formaci\u00f3n continua\u201d, agrega.<\/p>\n<p>Adem\u00e1s, \u201ccomprende cl\u00ednicas universitarias e institutos de la Universidad de Berna, de los Servicios Universitarios Psiqui\u00e1tricos (UPD por sus siglas en ingl\u00e9s) y el Hospital Insel y est\u00e1 orientada a la investigaci\u00f3n de alta calidad, desde investigaci\u00f3n b\u00e1sica en instituciones pre-cl\u00ednicas a investigaci\u00f3n cl\u00ednica y traslacional\u201d.<\/p>\n<p>Tambi\u00e9n \u201cest\u00e1n desarrollando la Unidad de Ensayos Cl\u00ednicos (CTU), afiliada al Departamento de Investigaci\u00f3n Cl\u00ednica (DCR), lo que apoyar\u00e1 la cooperaci\u00f3n en ensayos amplios internacionales\u201d.<\/p>\n<\/div>\n<\/div>\n<\/div>\n<div>\n<div>\n<div><\/div>\n<\/div>\n<\/div>\n<p>\u00a0<\/p>\n<p><strong>Fuente:La Tribuna<\/strong><\/p>\n","protected":false},"excerpt":{"rendered":"<p>Tegucigalpa,Honduras lunes 29 agosto 2022 La Universidad Nacional Aut\u00f3noma de Honduras (UNAH), firm\u00f3 cartas de intenci\u00f3n con dos destacadas universidades a nivel mundial, la Universidad de Limoges, en Francia y de Berna, en Suiza. La r\u00fabrica para intercambios acad\u00e9micos e investigativos la realiz\u00f3 el vicerrector de Relaciones Internacionales, Marco Tulio Medina, en representaci\u00f3n del rector &hellip;<\/p>\n","protected":false},"author":0,"featured_media":29121,"comment_status":"open","ping_status":"open","sticky":false,"template":"","format":"standard","meta":{"_jetpack_memberships_contains_paid_content":false,"footnotes":""},"categories":[5],"tags":[],"class_list":["post-29120","post","type-post","status-publish","format-standard","has-post-thumbnail","","category-noticias"],"jetpack_sharing_enabled":true,"jetpack_featured_media_url":"https:\/\/mickyandoniehn.com\/radio\/wp-content\/uploads\/2022\/08\/UNAH-COOPERACION-xYiBSv.jpeg","_links":{"self":[{"href":"https:\/\/mickyandoniehn.com\/radio\/wp-json\/wp\/v2\/posts\/29120","targetHints":{"allow":["GET"]}}],"collection":[{"href":"https:\/\/mickyandoniehn.com\/radio\/wp-json\/wp\/v2\/posts"}],"about":[{"href":"https:\/\/mickyandoniehn.com\/radio\/wp-json\/wp\/v2\/types\/post"}],"replies":[{"embeddable":true,"href":"https:\/\/mickyandoniehn.com\/radio\/wp-json\/wp\/v2\/comments?post=29120"}],"version-history":[{"count":0,"href":"https:\/\/mickyandoniehn.com\/radio\/wp-json\/wp\/v2\/posts\/29120\/revisions"}],"wp:featuredmedia":[{"embeddable":true,"href":"https:\/\/mickyandoniehn.com\/radio\/wp-json\/wp\/v2\/media\/29121"}],"wp:attachment":[{"href":"https:\/\/mickyandoniehn.com\/radio\/wp-json\/wp\/v2\/media?parent=29120"}],"wp:term":[{"taxonomy":"category","embeddable":true,"href":"https:\/\/mickyandoniehn.com\/radio\/wp-json\/wp\/v2\/categories?post=29120"},{"taxonomy":"post_tag","embeddable":true,"href":"https:\/\/mickyandoniehn.com\/radio\/wp-json\/wp\/v2\/tags?post=29120"}],"curies":[{"name":"wp","href":"https:\/\/api.w.org\/{rel}","templated":true}]}}