{"id":28159,"date":"2022-08-26T08:12:38","date_gmt":"2022-08-26T14:12:38","guid":{"rendered":"https:\/\/mickyandoniehn.com\/radio\/2022\/08\/26\/instagram-se-pone-seria-frente-al-acoso-y-el-contenido-sensible\/"},"modified":"2022-08-26T08:12:38","modified_gmt":"2022-08-26T14:12:38","slug":"instagram-se-pone-seria-frente-al-acoso-y-el-contenido-sensible","status":"publish","type":"post","link":"https:\/\/mickyandoniehn.com\/radio\/2022\/08\/26\/instagram-se-pone-seria-frente-al-acoso-y-el-contenido-sensible\/","title":{"rendered":"Instagram se pone seria frente al acoso y el contenido sensible"},"content":{"rendered":"<\/p>\n<p>Instagram ha anunciado una serie de medidas para evitar el acoso y el contenido sensible al que tienen acceso los menores en la red. En una nueva\u00a0<a href=\"https:\/\/9to5mac.com\/2022\/08\/25\/instagram-restrict-sensitive-content-for-teens\/\">actualizaci\u00f3n<\/a>\u00a0de sus herramientas para protecci\u00f3n de los adolescentes, la compa\u00f1\u00eda ha confirmado que e<strong>mpezar\u00e1 a restringir a\u00fan m\u00e1s el contenido de forma predeterminada.<\/strong><\/p>\n<p>La idea es activar por defecto muchas de las herramientas frente a contenido sensible y al acoso que anunci\u00f3 en junio. De esta forma, el sistema de\u00a0<em>Control de contenido sensible de Instagram<\/em>\u00a0pasar\u00e1 a activar por defecto la opci\u00f3n \u00abMenos\u00bb de forma predeterminada para los usuarios menores de 16 a\u00f1os.<\/p>\n<p>En este momento, las cuentas de Instagram creadas por adolescentes vienen con la opci\u00f3n de visualizaci\u00f3n \u00abEst\u00e1ndar\u00bb habilitada. Eso supone que, por defecto,<strong>\u00a0se muestre mucho m\u00e1s contenido sensible del que deber\u00edan tener acceso los m\u00e1s j\u00f3venes.<\/strong><\/p>\n<h2 class=\"has-text-align-center\">M\u00e1s control en Instagram ahora que el algoritmo es el que determina qu\u00e9 se ve<\/h2>\n<div class=\"st-placement standard_1 inImage\">\n<div class=\"st-adunit st-adunit-tagged st-reset st-show\">\n<div class=\"st-adunit-ad st-reset\">\n<div class=\"st-display-render st-reset\">\n<div class=\"st-reset\">\n<div class=\"important-styled st-canvas-container open BottomRightQuarter contextual-native fssquz2\">\n<div class=\"important-styled st-canvas-el fhxwyqa\">\n<div class=\"important-styled st-canvas-container undefined fssquz2\">\n<div class=\"important-styled st-canvas-el f1m81ksb\">\n<div class=\"important-styled st-canvas-container undefined fssquz2\">\n<div class=\"important-styled st-canvas-el fhxwyqa\">\n<div class=\"important-styled f1yaffzb\">\n<div class=\"important-styled display-render-wrapper f1yaffzb\"><\/div>\n<\/div>\n<\/div>\n<\/div>\n<\/div>\n<\/div>\n<\/div>\n<\/div>\n<\/div>\n<\/div>\n<\/div>\n<\/div>\n<\/div>\n<p>Seg\u00fan Instagram, el cambio har\u00e1 que sea m\u00e1s dif\u00edcil que los adolescentes tenga acceso a \u00abcontenido potencialmente sensible\u00bb, puesto que se hace extensible m\u00e1s all\u00e1 del\u00a0<em>feed<\/em>\u00a0principal. La nueva configuraci\u00f3n\u00a0<strong>afecta a la b\u00fasqueda, al\u00a0<em>Explorer<\/em>, a las p\u00e1ginas de etiquetas, a las fotos, a las recomendaciones de fuentes y las cuentas sugeridas.<\/strong><\/p>\n<p>No obstante, para los usuarios actuales, Instagram ofrecer\u00e1 una revisi\u00f3n de la configuraci\u00f3n de su cuenta. Incluidas las opciones para controlar\u00a0<strong>qui\u00e9n puede volver a compartir su contenido<\/strong>, qui\u00e9n puede enviarles mensajes y tambi\u00e9n la cantidad de tiempo que pasan en Instagram.<\/p>\n<div class=\"textwidget\">\n<div>\n<p>Estas nuevas restricciones para las cuentas es una forma de luchar contra el acoso y el contenido sensible. Sobre todo ahora que el algoritmo es la base con la que funciona casi todo lo que ven los adolescentes en la red.<\/p>\n<p>Adem\u00e1s, las nuevas opciones se suman a la opci\u00f3n de seguridad que bloquea los mensajes de adultos a cuentas de adolescentes que no les siguen. Esta opci\u00f3n muestra algunos recordatorios con mensajes como \u00abNo se sienta presionado para responder\u00bb. Tambi\u00e9n mensajes como \u00abComparte solo con personas de confianza\u00bb y \u00absu seguridad es lo primero\u00bb.<\/p>\n<p><strong>Fuente: hipertextual.com<\/strong><\/p>\n<\/div>\n<\/div>\n","protected":false},"excerpt":{"rendered":"<p>Instagram ha anunciado una serie de medidas para evitar el acoso y el contenido sensible al que tienen acceso los menores en la red. En una nueva\u00a0actualizaci\u00f3n\u00a0de sus herramientas para protecci\u00f3n de los adolescentes, la compa\u00f1\u00eda ha confirmado que empezar\u00e1 a restringir a\u00fan m\u00e1s el contenido de forma predeterminada. La idea es activar por defecto &hellip;<\/p>\n","protected":false},"author":0,"featured_media":28160,"comment_status":"open","ping_status":"open","sticky":false,"template":"","format":"standard","meta":{"_jetpack_memberships_contains_paid_content":false,"footnotes":""},"categories":[5],"tags":[],"class_list":["post-28159","post","type-post","status-publish","format-standard","has-post-thumbnail","","category-noticias"],"jetpack_sharing_enabled":true,"jetpack_featured_media_url":"https:\/\/mickyandoniehn.com\/radio\/wp-content\/uploads\/2022\/08\/instagram-scaled-6yHUWf.jpeg","_links":{"self":[{"href":"https:\/\/mickyandoniehn.com\/radio\/wp-json\/wp\/v2\/posts\/28159","targetHints":{"allow":["GET"]}}],"collection":[{"href":"https:\/\/mickyandoniehn.com\/radio\/wp-json\/wp\/v2\/posts"}],"about":[{"href":"https:\/\/mickyandoniehn.com\/radio\/wp-json\/wp\/v2\/types\/post"}],"replies":[{"embeddable":true,"href":"https:\/\/mickyandoniehn.com\/radio\/wp-json\/wp\/v2\/comments?post=28159"}],"version-history":[{"count":0,"href":"https:\/\/mickyandoniehn.com\/radio\/wp-json\/wp\/v2\/posts\/28159\/revisions"}],"wp:featuredmedia":[{"embeddable":true,"href":"https:\/\/mickyandoniehn.com\/radio\/wp-json\/wp\/v2\/media\/28160"}],"wp:attachment":[{"href":"https:\/\/mickyandoniehn.com\/radio\/wp-json\/wp\/v2\/media?parent=28159"}],"wp:term":[{"taxonomy":"category","embeddable":true,"href":"https:\/\/mickyandoniehn.com\/radio\/wp-json\/wp\/v2\/categories?post=28159"},{"taxonomy":"post_tag","embeddable":true,"href":"https:\/\/mickyandoniehn.com\/radio\/wp-json\/wp\/v2\/tags?post=28159"}],"curies":[{"name":"wp","href":"https:\/\/api.w.org\/{rel}","templated":true}]}}