{"id":27015,"date":"2022-08-22T06:12:40","date_gmt":"2022-08-22T12:12:40","guid":{"rendered":"http:\/\/mickyandoniehn.com\/radio\/2022\/08\/22\/identifican-varias-proteinas-implicadas-en-la-progresion-del-melanoma\/"},"modified":"2022-08-22T06:12:40","modified_gmt":"2022-08-22T12:12:40","slug":"identifican-varias-proteinas-implicadas-en-la-progresion-del-melanoma","status":"publish","type":"post","link":"https:\/\/mickyandoniehn.com\/radio\/2022\/08\/22\/identifican-varias-proteinas-implicadas-en-la-progresion-del-melanoma\/","title":{"rendered":"Identifican varias prote\u00ednas implicadas en la progresi\u00f3n del melanoma"},"content":{"rendered":"<p><strong>Tegucigalpa,Honduras lunes 22 agosto \u00a02022<\/strong><\/p>\n<\/p>\n<p>\u00a0<\/p>\n<p>Un equipo cient\u00edfico del Centro de Regulaci\u00f3n Gen\u00f3mica espa\u00f1ol (CRG) identific\u00f3 varias prote\u00ednas implicadas en la progresi\u00f3n del melanoma, la forma m\u00e1s letal de c\u00e1ncer de piel.<\/p>\n<p>Seg\u00fan inform\u00f3 el CRG en un comunicado, una de las prote\u00ednas, PDIA6, es particularmente importante, y experimentos con ratones mostraron que c\u00e9lulas de melanoma con niveles reducidos de esta prote\u00edna ten\u00edan una menor capacidad para metastatizar al pulm\u00f3n.<\/p>\n<p>El equipo cient\u00edfico descubri\u00f3 que PDIA6 promueve malignidad en melanoma uni\u00e9ndose a mol\u00e9culas de \u00e1cido ribonucleico (ARN) dentro de la c\u00e9lula tumoral.<\/p>\n<p>En el estudio, publicado en la revista Nucleic Acids Research, tambi\u00e9n se identifica la regi\u00f3n en la superficie de PDIA6 que se une a las mol\u00e9culas de ARN.<\/p>\n<p>Esta informaci\u00f3n puede ayudar a dise\u00f1ar nuevos compuestos terap\u00e9uticos que prevengan la propagaci\u00f3n del melanoma desde la piel a otras partes del cuerpo.<\/p>\n<p>\u00abPDIA6 se ha relacionado previamente con la progresi\u00f3n del linfoma, del c\u00e1ncer de mama y de pulm\u00f3n. Si futuros estudios confirman que PDIA6 tambi\u00e9n se une a ARN en estos otros tipos de c\u00e1ncer, los resultados podr\u00edan llevar a una estrategia terap\u00e9utica com\u00fan en diferentes tumores\u00bb, subraya el CRG.<\/p>\n<p>F\u00e1tima Gebauer, investigadora del CRG y autora principal del estudio, se\u00f1al\u00f3 que \u201clas prote\u00ednas de uni\u00f3n al ARN son de gran inter\u00e9s terap\u00e9utico; La t\u00e9cnica empleada en este estudio permite medir su actividad a una escala global, algo que no es posible con m\u00e9todos convencionales\u00bb.<\/p>\n<p>\u00abCuando esta t\u00e9cnica se usa para comparar c\u00e9lulas tumorales y no tumorales, el m\u00e9todo nos ayuda a identificar qu\u00e9 prote\u00ednas podr\u00edan desempe\u00f1ar un papel importante en la progresi\u00f3n del c\u00e1ncer, y la realizaci\u00f3n de experimentos adicionales nos dice c\u00f3mo funcionan. Utilizamos esa estrategia para descubrir nuevas vulnerabilidades en melanoma, y \u200b\u200besperamos que esto pueda repetirse para encontrar nuevas dianas terap\u00e9uticas tambi\u00e9n en otros tipos de c\u00e1ncer\u201d, a\u00f1adi\u00f3.<\/p>\n<p>De los cientos de prote\u00ednas de uni\u00f3n al ARN identificadas por la t\u00e9cnica, 24 fueron seleccionadas para llevar a cabo un an\u00e1lisis m\u00e1s detallado utilizando diversos criterios, entre ellos que su actividad de uni\u00f3n al ARN no fuera conocida o que no estuvieran previamente relacionadas con la progresi\u00f3n del c\u00e1ncer.<\/p>\n<p>PDIA6 fue escogida para caracterizar su funci\u00f3n en profundidad, incluidos los experimentos de trasplante en modelos de ratones. Futuros estudios podr\u00edan dirigirse a analizar la relevancia de las 23 prote\u00ednas restantes.<\/p>\n<p>\u201cSolo estamos viendo la punta del iceberg del potencial de las prote\u00ednas de uni\u00f3n al ARN como dianas terap\u00e9uticas. La identificaci\u00f3n de actividades de uni\u00f3n al ARN a trav\u00e9s de m\u00e9todos funcionales, seguido de un an\u00e1lisis molecular detallado de sus capacidades, ayudar\u00e1 al dise\u00f1o de inhibidores que pueden mejorar la terapia personalizada en c\u00e1ncer\u201d, recalca Gebauer.<\/p>\n<p>El trabajo se realiz\u00f3 en colaboraci\u00f3n con la Universidad de Halle en Alemania y la Universidad de Oxford en el Reino Unido.<\/p>\n<p><strong>Fuente: La Tribuna<\/strong><\/p>\n","protected":false},"excerpt":{"rendered":"<p>Tegucigalpa,Honduras lunes 22 agosto \u00a02022 \u00a0 Un equipo cient\u00edfico del Centro de Regulaci\u00f3n Gen\u00f3mica espa\u00f1ol (CRG) identific\u00f3 varias prote\u00ednas implicadas en la progresi\u00f3n del melanoma, la forma m\u00e1s letal de c\u00e1ncer de piel. Seg\u00fan inform\u00f3 el CRG en un comunicado, una de las prote\u00ednas, PDIA6, es particularmente importante, y experimentos con ratones mostraron que c\u00e9lulas &hellip;<\/p>\n","protected":false},"author":0,"featured_media":27016,"comment_status":"open","ping_status":"open","sticky":false,"template":"","format":"standard","meta":{"_jetpack_memberships_contains_paid_content":false,"footnotes":""},"categories":[5],"tags":[],"class_list":["post-27015","post","type-post","status-publish","format-standard","has-post-thumbnail","","category-noticias"],"jetpack_sharing_enabled":true,"jetpack_featured_media_url":"https:\/\/mickyandoniehn.com\/radio\/wp-content\/uploads\/2022\/08\/melanoma-xeHSPZ.jpeg","_links":{"self":[{"href":"https:\/\/mickyandoniehn.com\/radio\/wp-json\/wp\/v2\/posts\/27015","targetHints":{"allow":["GET"]}}],"collection":[{"href":"https:\/\/mickyandoniehn.com\/radio\/wp-json\/wp\/v2\/posts"}],"about":[{"href":"https:\/\/mickyandoniehn.com\/radio\/wp-json\/wp\/v2\/types\/post"}],"replies":[{"embeddable":true,"href":"https:\/\/mickyandoniehn.com\/radio\/wp-json\/wp\/v2\/comments?post=27015"}],"version-history":[{"count":0,"href":"https:\/\/mickyandoniehn.com\/radio\/wp-json\/wp\/v2\/posts\/27015\/revisions"}],"wp:featuredmedia":[{"embeddable":true,"href":"https:\/\/mickyandoniehn.com\/radio\/wp-json\/wp\/v2\/media\/27016"}],"wp:attachment":[{"href":"https:\/\/mickyandoniehn.com\/radio\/wp-json\/wp\/v2\/media?parent=27015"}],"wp:term":[{"taxonomy":"category","embeddable":true,"href":"https:\/\/mickyandoniehn.com\/radio\/wp-json\/wp\/v2\/categories?post=27015"},{"taxonomy":"post_tag","embeddable":true,"href":"https:\/\/mickyandoniehn.com\/radio\/wp-json\/wp\/v2\/tags?post=27015"}],"curies":[{"name":"wp","href":"https:\/\/api.w.org\/{rel}","templated":true}]}}