{"id":27009,"date":"2022-08-21T21:12:39","date_gmt":"2022-08-22T03:12:39","guid":{"rendered":"http:\/\/mickyandoniehn.com\/radio\/2022\/08\/21\/obispo-nicaraguense-insta-pedir-libertad-de-rolando-alvarez-y-no-negociar\/"},"modified":"2022-08-21T21:12:39","modified_gmt":"2022-08-22T03:12:39","slug":"obispo-nicaraguense-insta-pedir-libertad-de-rolando-alvarez-y-no-negociar","status":"publish","type":"post","link":"https:\/\/mickyandoniehn.com\/radio\/2022\/08\/21\/obispo-nicaraguense-insta-pedir-libertad-de-rolando-alvarez-y-no-negociar\/","title":{"rendered":"Obispo nicarag\u00fcense insta \u201cpedir libertad\u201d de Rolando \u00c1lvarez y no negociar"},"content":{"rendered":"<p><strong>Tegucigalpa,Honduras domingo 21 agosto 2022<\/strong><\/p>\n<\/p>\n<p>El obispo auxiliar de la arquidi\u00f3cesis de Managua, Silvio B\u00e1ez, inst\u00f3 este domingo a \u201cpedir la libertad\u201d de su colega nicarag\u00fcense Rolando \u00c1lvarez, arrestado el viernes por la Polic\u00eda de Nicaragua, que lo acusa, sin ofrecer pruebas, de intentar \u201corganizar grupos violentos\u201d.<\/p>\n<p>\u201cHay que pedir la libertad. No hay que negociar con la persona. Hay que pedir la libertad, porque son inocentes\u201d, demand\u00f3 B\u00e1ez en una misa celebrada en la parroquia Santa Agatha, en Miami, Estados Unidos, que transmiti\u00f3 a trav\u00e9s de sus redes sociales.<\/p>\n<p>\u00c1lvarez, de 55 a\u00f1os, obispo de la di\u00f3cesis de Matagalpa y administrador apost\u00f3lico de la di\u00f3cesis de Estel\u00ed, ambas en el norte de Nicaragua, fue sustra\u00eddo el viernes por agentes policiales del palacio episcopal provincial junto con cuatro sacerdotes y tres seminaristas, despu\u00e9s de haber estado 15 d\u00edas confinados.<\/p>\n<p>La Polic\u00eda Nacional, que dirige Francisco D\u00edaz, consuegro del presidente Daniel Ortega, confirm\u00f3 que realizaron un operativo en la madrugada en la sede episcopal de Matagalpa en la que sacaron contra su voluntad a \u00c1lvarez y a sus colaboradores, y luego los trasladaron a Managua.<\/p>\n<p>\u00c1lvarez, el primer obispo arrestado desde que Ortega retorn\u00f3 al poder en Nicaragua en 2007, se encuentra bajo \u201cresguardo domiciliar\u201d en Managua.<\/p>\n<p><strong>PAPA FRANCISCO PIDI\u00d3 DI\u00c1LOGO<\/strong><\/p>\n<p>El papa Francisco expres\u00f3 este domingo su preocupaci\u00f3n y dolor por la situaci\u00f3n en Nicaragua y pidi\u00f3 \u201cun di\u00e1logo abierto y sincero\u201d para que \u201cse puedan encontrar la bases para una convivencia respetuosa y pac\u00edfica\u201d, aunque, en su llamado al final del rezo del \u00e1ngelus en la Plaza de San Pedro, no hizo referencia al arresto del obispo \u00c1lvarez.<\/p>\n<p>\u201cSigo con cercan\u00eda, con preocupaci\u00f3n y dolor la situaci\u00f3n que se ha creado en Nicaragua que afecta a personas e instituciones, quisiera expresar mi convicci\u00f3n y mi deseo de que por medio de un di\u00e1logo abierto y sincero se pueden encontrar la bases para una convivencia respetuosa y pac\u00edfica\u201d, dijo el papa, que hasta este domingo no hab\u00eda hablado de la situaci\u00f3n en Nicaragua.<\/p>\n<p>Por su lado, el obispo B\u00e1ez, quien se encuentra fuera de Nicaragua desde hace 40 meses por decisi\u00f3n del papa Francisco por motivos de seguridad, abog\u00f3 por \u00c1lvarez, los sacerdotes y los laicos detenidos, as\u00ed como por los 190 presos pol\u00edticos.<\/p>\n<p>\u201cQuiero que sepan que estoy sufriendo mucho y rezando mucho por ustedes, por Nicaragua y por nuestra Iglesia\u201d, afirm\u00f3.<\/p>\n<p>\u201cEspecialmente quiero saludar con cari\u00f1o a nuestros hermanos y hermanas de la di\u00f3cesis de Matagalpa y de Estel\u00ed que est\u00e1n siendo en este momento privado de la presencia f\u00edsica de su pastor y se que para ellos es un gran dolor\u201d, continu\u00f3.<\/p>\n<p>Asimismo, pidi\u00f3 a los nicarag\u00fcenses no perder la esperanza y confiar en el Se\u00f1or.<\/p>\n<p><strong>SANDINISTAS-IGLESIA: UN A\u00d1O CONVULSO<\/strong><\/p>\n<p>El arresto del obispo nicarag\u00fcense Rolando \u00c1lvarez es el cap\u00edtulo m\u00e1s reciente de un \u00faltimo a\u00f1o especialmente convulso para la Iglesia cat\u00f3lica de Nicaragua con el Gobierno de Ortega, quien ha tildado de \u201cgolpistas\u201d y \u201cterroristas\u201d a los jerarcas.<\/p>\n<p>Este a\u00f1o, el Gobierno sandinista expuls\u00f3 del pa\u00eds al nuncio apost\u00f3lico Waldemar Stanislaw Sommertag, y a 18 monjas de la orden Misioneras de la Caridad, fundada por la Madre Teresa de Calcuta.<\/p>\n<p>Tambi\u00e9n han llevado a prisi\u00f3n a siete sacerdotes, cerrado ocho estaciones de radio cat\u00f3licas y sacado de la programaci\u00f3n de la televisi\u00f3n por suscripci\u00f3n a tres canales cat\u00f3licos.<\/p>\n<p>La Polic\u00eda tambi\u00e9n ha ingresado por la fuerza y allanado una parroquia, impedido a los feligreses recibir la eucarist\u00eda dentro del templo y sitiado a otros sacerdotes en sus iglesias.<\/p>\n<p>Igualmente, prohibi\u00f3 a la arquidi\u00f3cesis de Managua la procesi\u00f3n con la imagen peregrina de la virgen de F\u00e1tima.<\/p>\n<p>Las relaciones entre los sandinistas y la Iglesia cat\u00f3lica de Nicaragua han estado marcadas por roces y desconfianzas en los \u00faltimos 43 a\u00f1os.<\/p>\n<p>La comunidad cat\u00f3lica representa un 58,5 % de los 6,6 millones de habitantes de Nicaragua, seg\u00fan el \u00faltimo censo nacional.<\/p>\n<p><strong>Fuente: La Tribuna<\/strong><\/p>\n","protected":false},"excerpt":{"rendered":"<p>Tegucigalpa,Honduras domingo 21 agosto 2022 El obispo auxiliar de la arquidi\u00f3cesis de Managua, Silvio B\u00e1ez, inst\u00f3 este domingo a \u201cpedir la libertad\u201d de su colega nicarag\u00fcense Rolando \u00c1lvarez, arrestado el viernes por la Polic\u00eda de Nicaragua, que lo acusa, sin ofrecer pruebas, de intentar \u201corganizar grupos violentos\u201d. \u201cHay que pedir la libertad. No hay que &hellip;<\/p>\n","protected":false},"author":0,"featured_media":27010,"comment_status":"open","ping_status":"open","sticky":false,"template":"","format":"standard","meta":{"_jetpack_memberships_contains_paid_content":false,"footnotes":""},"categories":[5],"tags":[],"class_list":["post-27009","post","type-post","status-publish","format-standard","has-post-thumbnail","","category-noticias"],"jetpack_sharing_enabled":true,"jetpack_featured_media_url":"https:\/\/mickyandoniehn.com\/radio\/wp-content\/uploads\/2022\/08\/cardenal-nicaragua-1-nkzJMQ.jpeg","_links":{"self":[{"href":"https:\/\/mickyandoniehn.com\/radio\/wp-json\/wp\/v2\/posts\/27009","targetHints":{"allow":["GET"]}}],"collection":[{"href":"https:\/\/mickyandoniehn.com\/radio\/wp-json\/wp\/v2\/posts"}],"about":[{"href":"https:\/\/mickyandoniehn.com\/radio\/wp-json\/wp\/v2\/types\/post"}],"replies":[{"embeddable":true,"href":"https:\/\/mickyandoniehn.com\/radio\/wp-json\/wp\/v2\/comments?post=27009"}],"version-history":[{"count":0,"href":"https:\/\/mickyandoniehn.com\/radio\/wp-json\/wp\/v2\/posts\/27009\/revisions"}],"wp:featuredmedia":[{"embeddable":true,"href":"https:\/\/mickyandoniehn.com\/radio\/wp-json\/wp\/v2\/media\/27010"}],"wp:attachment":[{"href":"https:\/\/mickyandoniehn.com\/radio\/wp-json\/wp\/v2\/media?parent=27009"}],"wp:term":[{"taxonomy":"category","embeddable":true,"href":"https:\/\/mickyandoniehn.com\/radio\/wp-json\/wp\/v2\/categories?post=27009"},{"taxonomy":"post_tag","embeddable":true,"href":"https:\/\/mickyandoniehn.com\/radio\/wp-json\/wp\/v2\/tags?post=27009"}],"curies":[{"name":"wp","href":"https:\/\/api.w.org\/{rel}","templated":true}]}}