{"id":26997,"date":"2022-08-21T08:12:34","date_gmt":"2022-08-21T14:12:34","guid":{"rendered":"http:\/\/mickyandoniehn.com\/radio\/2022\/08\/21\/reactivados-los-vuelos-directos-entre-roatan-y-el-salvador\/"},"modified":"2022-08-21T08:12:34","modified_gmt":"2022-08-21T14:12:34","slug":"reactivados-los-vuelos-directos-entre-roatan-y-el-salvador","status":"publish","type":"post","link":"https:\/\/mickyandoniehn.com\/radio\/2022\/08\/21\/reactivados-los-vuelos-directos-entre-roatan-y-el-salvador\/","title":{"rendered":"Reactivados los vuelos directos entre Roat\u00e1n y El Salvador"},"content":{"rendered":"<p><strong>Tegucigalpa,Honduras domingo 21 agosto 2022<\/strong><\/p>\n<\/p>\n<p>Turistas salvadore\u00f1os contin\u00faan llegando al pa\u00eds por la v\u00eda a\u00e9rea y terrestre. Los reportes indican que los visitantes de la naci\u00f3n vecina comenzaron a arribar desde el pasado fin de semana.<\/p>\n<p>Lo anterior, en parte, es gracias a la reactivaci\u00f3n de los vuelos directos entre Roat\u00e1n y El Salvador.<\/p>\n<p>La frecuencia de vuelos est\u00e1 dentro de una estrategia para mejorar la conectividad entre ambos pa\u00edses y aumentar la llegada de turistas salvadore\u00f1os a Roat\u00e1n.<\/p>\n<p>Los vuelos podr\u00e1n programarse para los d\u00edas lunes, mi\u00e9rcoles y viernes con salida desde Roat\u00e1n a El Salvador a las 11:00 de la ma\u00f1ana, mientras que de El Salvador a Roat\u00e1n se podr\u00e1n agendar para la 1:00 de la tarde y viceversa.<\/p>\n<p><a href=\"https:\/\/hondudiario.com\/wp-content\/uploads\/2022\/08\/Captura-9.jpg\">Por otro lado, el representante de la oficina de turismo en La Ceiba, Leonardo Cruz, indic\u00f3 que los salvadore\u00f1os siguen llegando al pa\u00eds y la ciudad caribe\u00f1a de Honduras es uno de los lugares m\u00e1s apetecidos para visitar.<\/a><\/p>\n<p><a href=\"https:\/\/hondudiario.com\/wp-content\/uploads\/2022\/08\/Captura-9.jpg\">Adem\u00e1s, una gran cantidad de salvadore\u00f1os tambi\u00e9n llegan a La Ceiba para trasladarse a Roat\u00e1n y las otras zonas tur\u00edsticas de Isla de la Bah\u00eda.<\/a><\/p>\n<p><a href=\"https:\/\/hondudiario.com\/wp-content\/uploads\/2022\/08\/Captura-9.jpg\">La visita de los salvadore\u00f1os es debido a las vacaciones por la fiesta patronal en honor al Salvador del Mundo.<\/a><\/p>\n<p><a href=\"https:\/\/hondudiario.com\/wp-content\/uploads\/2022\/08\/Captura-9.jpg\">Los turistas dejan a Honduras una importante derrama econ\u00f3mica, por lo que se busca atenderles de la mejor manera, apunt\u00f3 Cruz.<\/a><\/p>\n<p><strong>Fuente: La Tribuna<\/strong><\/p>\n<div class=\"sharedaddy sd-sharing-enabled\"><\/div>\n","protected":false},"excerpt":{"rendered":"<p>Tegucigalpa,Honduras domingo 21 agosto 2022 Turistas salvadore\u00f1os contin\u00faan llegando al pa\u00eds por la v\u00eda a\u00e9rea y terrestre. Los reportes indican que los visitantes de la naci\u00f3n vecina comenzaron a arribar desde el pasado fin de semana. Lo anterior, en parte, es gracias a la reactivaci\u00f3n de los vuelos directos entre Roat\u00e1n y El Salvador. La &hellip;<\/p>\n","protected":false},"author":0,"featured_media":26998,"comment_status":"open","ping_status":"open","sticky":false,"template":"","format":"standard","meta":{"_jetpack_memberships_contains_paid_content":false,"footnotes":""},"categories":[5],"tags":[],"class_list":["post-26997","post","type-post","status-publish","format-standard","has-post-thumbnail","","category-noticias"],"jetpack_sharing_enabled":true,"jetpack_featured_media_url":"https:\/\/mickyandoniehn.com\/radio\/wp-content\/uploads\/2022\/08\/Captura-7-l3f7j9.jpeg","_links":{"self":[{"href":"https:\/\/mickyandoniehn.com\/radio\/wp-json\/wp\/v2\/posts\/26997","targetHints":{"allow":["GET"]}}],"collection":[{"href":"https:\/\/mickyandoniehn.com\/radio\/wp-json\/wp\/v2\/posts"}],"about":[{"href":"https:\/\/mickyandoniehn.com\/radio\/wp-json\/wp\/v2\/types\/post"}],"replies":[{"embeddable":true,"href":"https:\/\/mickyandoniehn.com\/radio\/wp-json\/wp\/v2\/comments?post=26997"}],"version-history":[{"count":0,"href":"https:\/\/mickyandoniehn.com\/radio\/wp-json\/wp\/v2\/posts\/26997\/revisions"}],"wp:featuredmedia":[{"embeddable":true,"href":"https:\/\/mickyandoniehn.com\/radio\/wp-json\/wp\/v2\/media\/26998"}],"wp:attachment":[{"href":"https:\/\/mickyandoniehn.com\/radio\/wp-json\/wp\/v2\/media?parent=26997"}],"wp:term":[{"taxonomy":"category","embeddable":true,"href":"https:\/\/mickyandoniehn.com\/radio\/wp-json\/wp\/v2\/categories?post=26997"},{"taxonomy":"post_tag","embeddable":true,"href":"https:\/\/mickyandoniehn.com\/radio\/wp-json\/wp\/v2\/tags?post=26997"}],"curies":[{"name":"wp","href":"https:\/\/api.w.org\/{rel}","templated":true}]}}