{"id":26995,"date":"2022-08-21T08:12:34","date_gmt":"2022-08-21T14:12:34","guid":{"rendered":"http:\/\/mickyandoniehn.com\/radio\/2022\/08\/21\/cancilleria-y-turismo-firman-convenio-para-promover-a-honduras-como-destino\/"},"modified":"2022-08-21T08:12:34","modified_gmt":"2022-08-21T14:12:34","slug":"cancilleria-y-turismo-firman-convenio-para-promover-a-honduras-como-destino","status":"publish","type":"post","link":"https:\/\/mickyandoniehn.com\/radio\/2022\/08\/21\/cancilleria-y-turismo-firman-convenio-para-promover-a-honduras-como-destino\/","title":{"rendered":"Canciller\u00eda y Turismo firman convenio para promover a Honduras como destino"},"content":{"rendered":"<p><strong>Tegucigalpa,Honduras domingo 21 agosto 2022<\/strong><\/p>\n<\/p>\n<p>La Canciller\u00eda de Honduras y la Secretar\u00eda de Turismo firmaron en las \u00faltimas horas un convenio para promover el turismo hondure\u00f1o a nivel internacional.<\/p>\n<p>El personal que labora en el servicio exterior de Honduras tendr\u00e1 que realizar una nueva tarea: promover los destinos tur\u00edsticos de Honduras, tanto en las sedes diplom\u00e1ticas y consulares, como en otros espacios de participaci\u00f3n en las ciudades en donde se encuentren.<\/p>\n<p>As\u00ed ha quedado establecido en el Convenio Interinstitucional entre la Secretar\u00eda de Relaciones Exteriores y Cooperaci\u00f3n Internacional y la Secretar\u00eda de Turismo, para la Promoci\u00f3n del Sector Turismo de Honduras, firmado por Eduardo Enrique Reina y Yadira G\u00f3mez, titulares de ambas instituciones.<\/p>\n<p>La finalidad del convenio es que se desarrollen iniciativas conjuntas para lograr la promoci\u00f3n del turismo, la atracci\u00f3n de inversi\u00f3n en el sector y el impulso de la imagen del pa\u00eds en el exterior, por medio de las representaciones diplom\u00e1ticas y consulares.<\/p>\n<p>La ministra G\u00f3mez expres\u00f3 que se pretende aunar esfuerzos, capacidades, competencias y recursos de ambas Secretar\u00edas para implementar una planificaci\u00f3n estrat\u00e9gica a corto, mediano y largo plazo, donde est\u00e9n incluidas las acciones espec\u00edficas en los indicadores de metas presidenciales, sectoriales e institucionales.<\/p>\n<p>Por su parte, el Canciller Reina explic\u00f3 que el personal que labora en las sedes diplom\u00e1ticas y consulares ser\u00e1 capacitado para que tenga conocimientos y pueda trabajar la promoci\u00f3n, el fomento de la inversi\u00f3n y la legislaci\u00f3n tur\u00edstica; no obstante, aunque todos los funcionarios y empleados tengan ilustraciones generales, siempre se nombrar\u00e1 a una sola persona, en cada sede, para que sea el responsable de las gestiones tur\u00edsticas.<\/p>\n<p>Ministra de Turismo, Yadira G\u00f3mez<\/p>\n<p><a href=\"https:\/\/hondudiario.com\/wp-content\/uploads\/2022\/08\/Captura-11.jpg\">Para posibilitar la difusi\u00f3n, la Secretar\u00eda de Turismo se compromete a dotar del material promocional necesario, en idioma espa\u00f1ol e ingl\u00e9s, a todas las representaciones diplom\u00e1ticas en el extranjero: folletos, revistas y material audiovisual, digitales y\/o en f\u00edsico, que ser\u00e1 mostrado en las sedes o en stands de ferias, exhibiciones y seminarios.<\/a><\/p>\n<p><a href=\"https:\/\/hondudiario.com\/wp-content\/uploads\/2022\/08\/Captura-11.jpg\">En Honduras, producto de la pandemia de Covid-19, el ingreso por turismo cay\u00f3 en un 70 por ciento de acuerdo con la tendencia mundial; posteriormente se reabri\u00f3 la actividad del rubro por dos meses (agosto a septiembre de 2020), en donde se gener\u00f3 una curva ascendente favorable, pese a haber sido el \u00faltimo rubro que tuvo reapertura en el pa\u00eds.<\/a><\/p>\n<p><a href=\"https:\/\/hondudiario.com\/wp-content\/uploads\/2022\/08\/Captura-11.jpg\">Durante el a\u00f1o 2021, seg\u00fan datos proporcionados por el INE, se reflej\u00f3 un\u00a0leve incremento en la cantidad de visitantes al pa\u00eds, con respecto al primer a\u00f1o de pandemia. En este a\u00f1o, la clasificaci\u00f3n de turistas representa el 56.24 por ciento del total de visitantes ingresados al pa\u00eds, los cruceristas el 37.28 por ciento y el restante 6.48 por ciento son visitantes de d\u00eda.<\/a><\/p>\n<p><a href=\"https:\/\/hondudiario.com\/wp-content\/uploads\/2022\/08\/Captura-11.jpg\">Es por ello que el Gobierno a trav\u00e9s de la Secretar\u00eda de Relaciones Exteriores y Cooperaci\u00f3n Internacional, tambi\u00e9n se compromete a publicar el contenido tur\u00edstico del pa\u00eds en las redes sociales de cada embajada y consulado, con informaci\u00f3n detallada de destinos, actividades o eventos relacionados con el turismo y expresiones culturales sobre nuestra identidad nacional, todo con el objetivo de fortalecer el rubro.<\/a><\/p>\n<p><a href=\"https:\/\/hondudiario.com\/wp-content\/uploads\/2022\/08\/Captura-11.jpg\">El Canciller Reina declar\u00f3 que a nivel internacional se est\u00e1 desarrollando una buena gesti\u00f3n para proyectar una imagen favorable de Honduras y, con ello, atraer la inversi\u00f3n y el turismo con la finalidad de dinamizar la econom\u00eda del pa\u00eds.<\/a><\/p>\n<p><strong>Fuente: La Tribuna<\/strong><\/p>\n<div class=\"sharedaddy sd-sharing-enabled\"><\/div>\n","protected":false},"excerpt":{"rendered":"<p>Tegucigalpa,Honduras domingo 21 agosto 2022 La Canciller\u00eda de Honduras y la Secretar\u00eda de Turismo firmaron en las \u00faltimas horas un convenio para promover el turismo hondure\u00f1o a nivel internacional. El personal que labora en el servicio exterior de Honduras tendr\u00e1 que realizar una nueva tarea: promover los destinos tur\u00edsticos de Honduras, tanto en las sedes &hellip;<\/p>\n","protected":false},"author":0,"featured_media":26996,"comment_status":"open","ping_status":"open","sticky":false,"template":"","format":"standard","meta":{"_jetpack_memberships_contains_paid_content":false,"footnotes":""},"categories":[5],"tags":[],"class_list":["post-26995","post","type-post","status-publish","format-standard","has-post-thumbnail","","category-noticias"],"jetpack_sharing_enabled":true,"jetpack_featured_media_url":"https:\/\/mickyandoniehn.com\/radio\/wp-content\/uploads\/2022\/08\/Captura-10-R8LuSl.jpeg","_links":{"self":[{"href":"https:\/\/mickyandoniehn.com\/radio\/wp-json\/wp\/v2\/posts\/26995","targetHints":{"allow":["GET"]}}],"collection":[{"href":"https:\/\/mickyandoniehn.com\/radio\/wp-json\/wp\/v2\/posts"}],"about":[{"href":"https:\/\/mickyandoniehn.com\/radio\/wp-json\/wp\/v2\/types\/post"}],"replies":[{"embeddable":true,"href":"https:\/\/mickyandoniehn.com\/radio\/wp-json\/wp\/v2\/comments?post=26995"}],"version-history":[{"count":0,"href":"https:\/\/mickyandoniehn.com\/radio\/wp-json\/wp\/v2\/posts\/26995\/revisions"}],"wp:featuredmedia":[{"embeddable":true,"href":"https:\/\/mickyandoniehn.com\/radio\/wp-json\/wp\/v2\/media\/26996"}],"wp:attachment":[{"href":"https:\/\/mickyandoniehn.com\/radio\/wp-json\/wp\/v2\/media?parent=26995"}],"wp:term":[{"taxonomy":"category","embeddable":true,"href":"https:\/\/mickyandoniehn.com\/radio\/wp-json\/wp\/v2\/categories?post=26995"},{"taxonomy":"post_tag","embeddable":true,"href":"https:\/\/mickyandoniehn.com\/radio\/wp-json\/wp\/v2\/tags?post=26995"}],"curies":[{"name":"wp","href":"https:\/\/api.w.org\/{rel}","templated":true}]}}