{"id":26993,"date":"2022-08-21T08:12:33","date_gmt":"2022-08-21T14:12:33","guid":{"rendered":"http:\/\/mickyandoniehn.com\/radio\/2022\/08\/21\/un-dialogo-sincero-entre-sector-publico-y-privado-sobre-las-exoneraciones-aconseja-la-ccic\/"},"modified":"2022-08-21T08:12:33","modified_gmt":"2022-08-21T14:12:33","slug":"un-dialogo-sincero-entre-sector-publico-y-privado-sobre-las-exoneraciones-aconseja-la-ccic","status":"publish","type":"post","link":"https:\/\/mickyandoniehn.com\/radio\/2022\/08\/21\/un-dialogo-sincero-entre-sector-publico-y-privado-sobre-las-exoneraciones-aconseja-la-ccic\/","title":{"rendered":"Un di\u00e1logo sincero entre sector p\u00fablico y privado sobre las exoneraciones, aconseja la CCIC"},"content":{"rendered":"<p><strong>Tegucigalpa,Honduras domingo 21 agosto 2022<\/strong><\/p>\n<\/p>\n<p>El presidente de la C\u00e1mara de Comercio e Industrias de Cort\u00e9s (CCIC), Eduardo Facuss\u00e9, recomend\u00f3 un di\u00e1logo sincero entre el sector privado y p\u00fablico para determinar cu\u00e1les son las exoneraciones que cumplen con la funci\u00f3n para la que fueron creadas.<\/p>\n<p>Facuss\u00e9 ahond\u00f3 en definir los criterios en base a los cuales se deben de dar est\u00e1s exoneraciones, para proteger las que s\u00ed contribuyen en el desarrollo econ\u00f3mico del pa\u00eds, y eliminar las que en verdad no traen ninguna contribuci\u00f3n.<\/p>\n<p>\u201cYo creo que aqu\u00ed lo que debe de imperar es un di\u00e1logo prudente y sincero, para poder estimular aquellas \u00e1reas donde existen oportunidades todav\u00eda de inversi\u00f3n y desarrollo y suspender aquellas exoneraciones que realmente no traen beneficios para nuestro pa\u00eds\u201d, declar\u00f3.<\/p>\n<p>El empresario indic\u00f3 que, el sector privado, el Cohep y la CCIC, siempre est\u00e1n a favor de revisar las exoneraciones, \u201cnunca hemos estado en contra en eso\u201d.<\/p>\n<p>Es muy importante el acompa\u00f1amiento del sector privado y un di\u00e1logo para platicar, cu\u00e1les son los cambios necesarios para que desde la parte del sector p\u00fablico se puedan evaluar todas las variables que impactan las exoneraciones, \u201cyo creo que dejar por un lado al sector privado en esta discusi\u00f3n ser\u00eda un error\u201d, subray\u00f3.<\/p>\n<p><a href=\"https:\/\/hondudiario.com\/wp-content\/uploads\/2022\/06\/DSC_0013-scaled.jpg\">\u201cYo esperar\u00eda que tomen en cuenta el sector privado, para hacer la evaluaci\u00f3n y el estudio de estas exoneraciones para el bienestar de Honduras, yo creo que no ser\u00eda el mejor resultado si no se hace de forma conjunta, si se imponen, si existe un di\u00e1logo con el sector privado, vamos a tener los mejores resultados\u201d, insisti\u00f3.<\/a><\/p>\n<p><a href=\"https:\/\/hondudiario.com\/wp-content\/uploads\/2022\/06\/DSC_0013-scaled.jpg\">El presidente de la CCIC calific\u00f3 de muy positivo que el Gobierno haya compartido los informes del Fondo Monetario Internacional (FMI), acerca de las exoneraciones, porque antes no se compart\u00edan con los diferentes sectores de la sociedad.<\/a><\/p>\n<p><a href=\"https:\/\/hondudiario.com\/wp-content\/uploads\/2022\/06\/DSC_0013-scaled.jpg\">Al respecto, adelant\u00f3 que ahora los informes podr\u00e1n ser evaluados y debatidos, y as\u00ed generar propuestas positivas para el pa\u00eds.<\/a><\/p>\n<p><a href=\"https:\/\/hondudiario.com\/wp-content\/uploads\/2022\/06\/DSC_0013-scaled.jpg\">Para terminar, Facuss\u00e9 remarc\u00f3 que el sector privado est\u00e1 comprometido en apoyar la gesti\u00f3n para que el actual gobierno tenga un buen desempe\u00f1o.<\/a><\/p>\n<p><a href=\"https:\/\/hondudiario.com\/wp-content\/uploads\/2022\/06\/DSC_0013-scaled.jpg\">\u201cSomos deseosos de que este gobierno tenga \u00e9xito, vamos a apoyar para que todas las decisiones sean en pro del pa\u00eds, pensar que nuestros objetivos son distintos es un error, hay que aclarar que todos estamos empujando en la misma direcci\u00f3n para sacar adelante a Honduras\u201d, finaliz\u00f3.<\/a><\/p>\n<p><strong>Fuente: La Tribuna<\/strong><\/p>\n<div class=\"sharedaddy sd-sharing-enabled\"><\/div>\n","protected":false},"excerpt":{"rendered":"<p>Tegucigalpa,Honduras domingo 21 agosto 2022 El presidente de la C\u00e1mara de Comercio e Industrias de Cort\u00e9s (CCIC), Eduardo Facuss\u00e9, recomend\u00f3 un di\u00e1logo sincero entre el sector privado y p\u00fablico para determinar cu\u00e1les son las exoneraciones que cumplen con la funci\u00f3n para la que fueron creadas. Facuss\u00e9 ahond\u00f3 en definir los criterios en base a los &hellip;<\/p>\n","protected":false},"author":0,"featured_media":26994,"comment_status":"open","ping_status":"open","sticky":false,"template":"","format":"standard","meta":{"_jetpack_memberships_contains_paid_content":false,"footnotes":""},"categories":[5],"tags":[],"class_list":["post-26993","post","type-post","status-publish","format-standard","has-post-thumbnail","","category-noticias"],"jetpack_sharing_enabled":true,"jetpack_featured_media_url":"https:\/\/mickyandoniehn.com\/radio\/wp-content\/uploads\/2022\/08\/DSC_0013-2048x1365-1-wKcZoe.jpeg","_links":{"self":[{"href":"https:\/\/mickyandoniehn.com\/radio\/wp-json\/wp\/v2\/posts\/26993","targetHints":{"allow":["GET"]}}],"collection":[{"href":"https:\/\/mickyandoniehn.com\/radio\/wp-json\/wp\/v2\/posts"}],"about":[{"href":"https:\/\/mickyandoniehn.com\/radio\/wp-json\/wp\/v2\/types\/post"}],"replies":[{"embeddable":true,"href":"https:\/\/mickyandoniehn.com\/radio\/wp-json\/wp\/v2\/comments?post=26993"}],"version-history":[{"count":0,"href":"https:\/\/mickyandoniehn.com\/radio\/wp-json\/wp\/v2\/posts\/26993\/revisions"}],"wp:featuredmedia":[{"embeddable":true,"href":"https:\/\/mickyandoniehn.com\/radio\/wp-json\/wp\/v2\/media\/26994"}],"wp:attachment":[{"href":"https:\/\/mickyandoniehn.com\/radio\/wp-json\/wp\/v2\/media?parent=26993"}],"wp:term":[{"taxonomy":"category","embeddable":true,"href":"https:\/\/mickyandoniehn.com\/radio\/wp-json\/wp\/v2\/categories?post=26993"},{"taxonomy":"post_tag","embeddable":true,"href":"https:\/\/mickyandoniehn.com\/radio\/wp-json\/wp\/v2\/tags?post=26993"}],"curies":[{"name":"wp","href":"https:\/\/api.w.org\/{rel}","templated":true}]}}