{"id":26991,"date":"2022-08-21T08:12:33","date_gmt":"2022-08-21T14:12:33","guid":{"rendered":"http:\/\/mickyandoniehn.com\/radio\/2022\/08\/21\/21-de-agosto-dia-internacional-del-catequista\/"},"modified":"2022-08-21T08:12:33","modified_gmt":"2022-08-21T14:12:33","slug":"21-de-agosto-dia-internacional-del-catequista","status":"publish","type":"post","link":"https:\/\/mickyandoniehn.com\/radio\/2022\/08\/21\/21-de-agosto-dia-internacional-del-catequista\/","title":{"rendered":"21 de agosto \u2013 D\u00eda Internacional del Catequista"},"content":{"rendered":"<\/p>\n<p>\u00a0<\/p>\n<p>Este 21 de agosto, como cada a\u00f1o, la Iglesia celebra la fiesta en honor San P\u00edo X. Y es en esta fecha por la que se instaur\u00f3 el d\u00eda del catequista. Por tal motivo hoy las distintas parroquias de la Di\u00f3cesis realizar\u00e1n diversas actividades.<\/p>\n<p>La celebraci\u00f3n del d\u00eda del catequista fue instaurada en concordancia con la fiesta patronal en honor a San P\u00edo X, por cuanto el santo fue quien decret\u00f3 el permiso para que los ni\u00f1os se acerquen a comulgar desde que comprendan qui\u00e9n est\u00e1 en la Hostia Consagrada y anim\u00f3 a los fieles a recibirla todos los d\u00edas.<\/p>\n<p>ACERCA DEL PAPA PIO X<br \/>\nSu nombre era Jos\u00e9 Sarto y naci\u00f3 en Riese, poblado de Venecia, Italia, en 1835. Siendo ni\u00f1o sufri\u00f3 la p\u00e9rdida de su padre y quiso dejar los estudios para ayudar a su madre, pero ella se lo impidi\u00f3. Estudi\u00f3 en el seminario, se orden\u00f3 y fue nombrado vicep\u00e1rroco, p\u00e1rroco, can\u00f3nigo, obispo de Mantua y cardenal de Venecia. Al morir el papa Le\u00f3n XIII fue designado como su sucesor y tom\u00f3 el nombre de P\u00edo X.<\/p>\n","protected":false},"excerpt":{"rendered":"<p>\u00a0 Este 21 de agosto, como cada a\u00f1o, la Iglesia celebra la fiesta en honor San P\u00edo X. Y es en esta fecha por la que se instaur\u00f3 el d\u00eda del catequista. Por tal motivo hoy las distintas parroquias de la Di\u00f3cesis realizar\u00e1n diversas actividades. La celebraci\u00f3n del d\u00eda del catequista fue instaurada en concordancia &hellip;<\/p>\n","protected":false},"author":0,"featured_media":26992,"comment_status":"open","ping_status":"open","sticky":false,"template":"","format":"standard","meta":{"_jetpack_memberships_contains_paid_content":false,"footnotes":""},"categories":[5],"tags":[],"class_list":["post-26991","post","type-post","status-publish","format-standard","has-post-thumbnail","","category-noticias"],"jetpack_sharing_enabled":true,"jetpack_featured_media_url":"https:\/\/mickyandoniehn.com\/radio\/wp-content\/uploads\/2022\/08\/descarga-3-huzmqa.jpeg","_links":{"self":[{"href":"https:\/\/mickyandoniehn.com\/radio\/wp-json\/wp\/v2\/posts\/26991","targetHints":{"allow":["GET"]}}],"collection":[{"href":"https:\/\/mickyandoniehn.com\/radio\/wp-json\/wp\/v2\/posts"}],"about":[{"href":"https:\/\/mickyandoniehn.com\/radio\/wp-json\/wp\/v2\/types\/post"}],"replies":[{"embeddable":true,"href":"https:\/\/mickyandoniehn.com\/radio\/wp-json\/wp\/v2\/comments?post=26991"}],"version-history":[{"count":0,"href":"https:\/\/mickyandoniehn.com\/radio\/wp-json\/wp\/v2\/posts\/26991\/revisions"}],"wp:featuredmedia":[{"embeddable":true,"href":"https:\/\/mickyandoniehn.com\/radio\/wp-json\/wp\/v2\/media\/26992"}],"wp:attachment":[{"href":"https:\/\/mickyandoniehn.com\/radio\/wp-json\/wp\/v2\/media?parent=26991"}],"wp:term":[{"taxonomy":"category","embeddable":true,"href":"https:\/\/mickyandoniehn.com\/radio\/wp-json\/wp\/v2\/categories?post=26991"},{"taxonomy":"post_tag","embeddable":true,"href":"https:\/\/mickyandoniehn.com\/radio\/wp-json\/wp\/v2\/tags?post=26991"}],"curies":[{"name":"wp","href":"https:\/\/api.w.org\/{rel}","templated":true}]}}