{"id":26977,"date":"2022-08-21T07:12:42","date_gmt":"2022-08-21T13:12:42","guid":{"rendered":"http:\/\/mickyandoniehn.com\/radio\/2022\/08\/21\/la-historia-del-mundo-y-honduras-634\/"},"modified":"2022-08-21T07:12:42","modified_gmt":"2022-08-21T13:12:42","slug":"la-historia-del-mundo-y-honduras-634","status":"publish","type":"post","link":"https:\/\/mickyandoniehn.com\/radio\/2022\/08\/21\/la-historia-del-mundo-y-honduras-634\/","title":{"rendered":"La Historia del Mundo y Honduras"},"content":{"rendered":"<\/p>\n<p>21.AGO.1648<br \/>\nSe libr\u00f3 Batalla de Lens<\/p>\n<p>La Batalla de Lens se libr\u00f3 el 20 de agosto de 1648, fue el enfrentamiento entre Luis II de Borb\u00f3n, Pr\u00edncipe de Cond\u00e9 (Francia) contra el ej\u00e9rcito espa\u00f1ol bajo el Archiduque Leopoldo en la Guerra de los Treinta A\u00f1os (1618-1648). Fue la \u00faltima gran batalla de la guerra. Culmin\u00f3 con la victoria francesa y el poder de esta potencia sobre el territorio espa\u00f1ol. El ej\u00e9rcito franc\u00e9s estuvo compuesto de 26.000 hombres (m\u00e1s de la mitad eran caballer\u00eda) y 18 ca\u00f1ones. El ej\u00e9rcito espa\u00f1ol era menor, constando de 18.000 hombres (tambi\u00e9n m\u00e1s de la mitad caballer\u00eda) y 38 ca\u00f1ones. La infanter\u00eda espa\u00f1ola repeli\u00f3 a los franceses, rompiendo el regimiento del ej\u00e9rcito, pero la superior caballer\u00eda francesa fue la que logr\u00f3 derrotar a la caballer\u00eda espa\u00f1ola.<\/p>\n","protected":false},"excerpt":{"rendered":"<p>21.AGO.1648 Se libr\u00f3 Batalla de Lens La Batalla de Lens se libr\u00f3 el 20 de agosto de 1648, fue el enfrentamiento entre Luis II de Borb\u00f3n, Pr\u00edncipe de Cond\u00e9 (Francia) contra el ej\u00e9rcito espa\u00f1ol bajo el Archiduque Leopoldo en la Guerra de los Treinta A\u00f1os (1618-1648). Fue la \u00faltima gran batalla de la guerra. Culmin\u00f3 &hellip;<\/p>\n","protected":false},"author":0,"featured_media":26978,"comment_status":"open","ping_status":"open","sticky":false,"template":"","format":"standard","meta":{"_jetpack_memberships_contains_paid_content":false,"footnotes":""},"categories":[5],"tags":[],"class_list":["post-26977","post","type-post","status-publish","format-standard","has-post-thumbnail","","category-noticias"],"jetpack_sharing_enabled":true,"jetpack_featured_media_url":"https:\/\/mickyandoniehn.com\/radio\/wp-content\/uploads\/2022\/08\/21-de-Agosto-1648-Se-librC3B3-Batalla-de-Lens-5DtmUH.jpeg","_links":{"self":[{"href":"https:\/\/mickyandoniehn.com\/radio\/wp-json\/wp\/v2\/posts\/26977","targetHints":{"allow":["GET"]}}],"collection":[{"href":"https:\/\/mickyandoniehn.com\/radio\/wp-json\/wp\/v2\/posts"}],"about":[{"href":"https:\/\/mickyandoniehn.com\/radio\/wp-json\/wp\/v2\/types\/post"}],"replies":[{"embeddable":true,"href":"https:\/\/mickyandoniehn.com\/radio\/wp-json\/wp\/v2\/comments?post=26977"}],"version-history":[{"count":0,"href":"https:\/\/mickyandoniehn.com\/radio\/wp-json\/wp\/v2\/posts\/26977\/revisions"}],"wp:featuredmedia":[{"embeddable":true,"href":"https:\/\/mickyandoniehn.com\/radio\/wp-json\/wp\/v2\/media\/26978"}],"wp:attachment":[{"href":"https:\/\/mickyandoniehn.com\/radio\/wp-json\/wp\/v2\/media?parent=26977"}],"wp:term":[{"taxonomy":"category","embeddable":true,"href":"https:\/\/mickyandoniehn.com\/radio\/wp-json\/wp\/v2\/categories?post=26977"},{"taxonomy":"post_tag","embeddable":true,"href":"https:\/\/mickyandoniehn.com\/radio\/wp-json\/wp\/v2\/tags?post=26977"}],"curies":[{"name":"wp","href":"https:\/\/api.w.org\/{rel}","templated":true}]}}