{"id":26905,"date":"2022-08-20T07:12:32","date_gmt":"2022-08-20T13:12:32","guid":{"rendered":"http:\/\/mickyandoniehn.com\/radio\/2022\/08\/20\/el-bellas-artes-de-budapest-presenta-el-color-de-las-ideas-de-matisse\/"},"modified":"2022-08-20T07:12:32","modified_gmt":"2022-08-20T13:12:32","slug":"el-bellas-artes-de-budapest-presenta-el-color-de-las-ideas-de-matisse","status":"publish","type":"post","link":"https:\/\/mickyandoniehn.com\/radio\/2022\/08\/20\/el-bellas-artes-de-budapest-presenta-el-color-de-las-ideas-de-matisse\/","title":{"rendered":"El Bellas Artes de Budapest presenta \u00abEl color de las ideas\u00bb de Matisse"},"content":{"rendered":"<p><strong>Tegucigalpa,Honduras s\u00e1bado \u00a020 \u00a0agosto 2022<\/strong><\/p>\n<\/p>\n<p>Bajo el t\u00edtulo de \u00abEl color de las ideas\u00bb el Museo de Bellas Artes de Budapest presenta hasta el 16 de octubre la obra del franc\u00e9s Henri Matisse, probablemente el pintor fauvista m\u00e1s importantes de la historia, que durante toda su vida buscaba renovar su arte.<\/p>\n<p>La obra de Matisse (1869-1954) se presenta por primera vez en Hungr\u00eda, con una muestra de m\u00e1s de 150 obras, divididas en ocho secciones cronol\u00f3gicas y tem\u00e1ticas, desde el inicio de su carrera hasta sus \u00faltimos a\u00f1os, cuando, ya enfermo, se centr\u00f3 en la creaci\u00f3n de colajes, entre ellos, la famosa serie \u00abJazz\u00bb.<\/p>\n<p>La exposici\u00f3n de Budapest se basa en gran parte en la colecci\u00f3n del Centro Pompidou de Par\u00eds, pero tambi\u00e9n se exponen pinturas y dibujos de otras instituciones.<\/p>\n<h2><strong>El Color de las Ideas<\/strong><\/h2>\n<p>\u00abEl color de las ideas\u00bb alude a dos importantes aspiraciones de Matisse, cuenta el comisario de la exposici\u00f3n, D\u00e1vid Feh\u00e9r, en declaraciones a Efe en la capital h\u00fangara.<\/p>\n<p>\u00abPor una parte centraba su arte en la b\u00fasqueda de la expresividad mediante colores y las composiciones compuestas por \u2018manchas\u2019 de colores, lo que es una de las caracter\u00edsticas del movimiento art\u00edstico fauvista (fovista), mientras que se dedicaba tambi\u00e9n al dibujo. Buscaba superponer esos dos factores\u00bb, explica el experto.<\/p>\n<p>En la primera etapa de su carrera, Matisse segu\u00eda la est\u00e9tica clasista pero pronto \u00abrecibi\u00f3 importantes impulsos del puntillismo y de artistas como Paul C\u00e9zanne. Ya buscaba los colores m\u00e1s intensos\u00bb, recuerda el comisario.<\/p>\n<p>De esta \u00e9poca destaca \u00abLe Luxe\u00bb (El lujo), una interpretaci\u00f3n de la vitalidad, que refleja una clara influencia de un viaje a Italia.<\/p>\n<p>La segunda secci\u00f3n muestra c\u00f3mo el pintor \u00abinici\u00f3 un di\u00e1logo con el cubismo\u00bb utilizando colores m\u00e1s profundos y convirtiendo sus pinturas en m\u00e1s estructuradas.<\/p>\n<p>\u00abMatisse ten\u00eda una legendaria relaci\u00f3n con Pablo Picasso, Juan Gris y Georges Braque\u00bb, recuerda Feh\u00e9r, destacando que en estos a\u00f1os (el inicio del siglo XX) aparece en su arte el motivo constante de la ventana, que une el espacio interior hacia el exterior.<\/p>\n<p>Una de las \u00absensaciones\u00bb de la muestra es, seg\u00fan el comisario, \u00abPortre-fen\u00eatre \u00e0 Collioure\u00bb (Puerta de vidrio en Collioure), de 1914, en la que Matisse decide pintar de negro el mundo que se sit\u00faa detr\u00e1s de la ventana.<\/p>\n<p>\u00abEs dif\u00edcil no relacionarlo con la angustia metaf\u00edsica de este a\u00f1o (cuando estall\u00f3 la Gran Guerra)\u00bb, subraya Feh\u00e9r.<\/p>\n<p>En las siguientes secciones, la muestra hace un recorrido por las estatuas en bronce con las que a veces llega a la abstracci\u00f3n, as\u00ed como por las representaciones de interiores y odaliscas, caracterizadas por el orientalismo.<\/p>\n<h2><strong>La enfermedad<\/strong><\/h2>\n<p>Una operaci\u00f3n por c\u00e1ncer en 1941 ha hecho que el arte de Matisse sufriera de nuevo un cambio de rumbo, ya que debido a su debilidad le costaba trabajar como antes.<\/p>\n<p>Las \u00faltimas tres secciones de la muestra hacen un recorrido por estos a\u00f1os, cuando su obra se centr\u00f3 en los dibujos y en los libros de artistas como \u00abJazz\u00bb (1947), que re\u00fane una serie de colajes.<\/p>\n<p>Tras volver a la pintura Matisse se dedic\u00f3 desde 1948 al dise\u00f1o de la capilla del Rosario de las dominicas de Vence (Francia), que \u00e9l mismo consideraba como una de sus m\u00e1ximas obras.<\/p>\n<p>Una de las versiones previas de este proyecto, \u00abllena de vitalidad y motivos florales\u00bb ocupa toda una sala de la muestra. \u00abEs algo muy especial. Es impresionante que (el Centro Pompidou) nos lo hayan prestado\u00bb, concluye Feh\u00e9r.<\/p>\n<p>El Museo de Bellas Artes de Budapest ha publicado con motivo de la muestra un cat\u00e1logo que recoge varios textos del propio Matisse sobre el arte.<\/p>\n<p><strong>Fuente: La Tribuna<\/strong><\/p>\n","protected":false},"excerpt":{"rendered":"<p>Tegucigalpa,Honduras s\u00e1bado \u00a020 \u00a0agosto 2022 Bajo el t\u00edtulo de \u00abEl color de las ideas\u00bb el Museo de Bellas Artes de Budapest presenta hasta el 16 de octubre la obra del franc\u00e9s Henri Matisse, probablemente el pintor fauvista m\u00e1s importantes de la historia, que durante toda su vida buscaba renovar su arte. La obra de Matisse &hellip;<\/p>\n","protected":false},"author":0,"featured_media":26906,"comment_status":"open","ping_status":"open","sticky":false,"template":"","format":"standard","meta":{"_jetpack_memberships_contains_paid_content":false,"footnotes":""},"categories":[5],"tags":[],"class_list":["post-26905","post","type-post","status-publish","format-standard","has-post-thumbnail","","category-noticias"],"jetpack_sharing_enabled":true,"jetpack_featured_media_url":"https:\/\/mickyandoniehn.com\/radio\/wp-content\/uploads\/2022\/08\/El-Color-de-las-Ideas-696x364-1-4jOYww.jpeg","_links":{"self":[{"href":"https:\/\/mickyandoniehn.com\/radio\/wp-json\/wp\/v2\/posts\/26905","targetHints":{"allow":["GET"]}}],"collection":[{"href":"https:\/\/mickyandoniehn.com\/radio\/wp-json\/wp\/v2\/posts"}],"about":[{"href":"https:\/\/mickyandoniehn.com\/radio\/wp-json\/wp\/v2\/types\/post"}],"replies":[{"embeddable":true,"href":"https:\/\/mickyandoniehn.com\/radio\/wp-json\/wp\/v2\/comments?post=26905"}],"version-history":[{"count":0,"href":"https:\/\/mickyandoniehn.com\/radio\/wp-json\/wp\/v2\/posts\/26905\/revisions"}],"wp:featuredmedia":[{"embeddable":true,"href":"https:\/\/mickyandoniehn.com\/radio\/wp-json\/wp\/v2\/media\/26906"}],"wp:attachment":[{"href":"https:\/\/mickyandoniehn.com\/radio\/wp-json\/wp\/v2\/media?parent=26905"}],"wp:term":[{"taxonomy":"category","embeddable":true,"href":"https:\/\/mickyandoniehn.com\/radio\/wp-json\/wp\/v2\/categories?post=26905"},{"taxonomy":"post_tag","embeddable":true,"href":"https:\/\/mickyandoniehn.com\/radio\/wp-json\/wp\/v2\/tags?post=26905"}],"curies":[{"name":"wp","href":"https:\/\/api.w.org\/{rel}","templated":true}]}}