{"id":26789,"date":"2022-08-19T07:12:46","date_gmt":"2022-08-19T13:12:46","guid":{"rendered":"http:\/\/mickyandoniehn.com\/radio\/2022\/08\/19\/hoy-estaria-de-cumpleanos-juana-miriam-garcia-echeverria-qddg-muchas-felicidades-hasta-el-cielo\/"},"modified":"2022-08-19T07:12:46","modified_gmt":"2022-08-19T13:12:46","slug":"hoy-estaria-de-cumpleanos-juana-miriam-garcia-echeverria-qddg-muchas-felicidades-hasta-el-cielo","status":"publish","type":"post","link":"https:\/\/mickyandoniehn.com\/radio\/2022\/08\/19\/hoy-estaria-de-cumpleanos-juana-miriam-garcia-echeverria-qddg-muchas-felicidades-hasta-el-cielo\/","title":{"rendered":"Hoy estar\u00eda de Cumplea\u00f1os Juana Miriam Garc\u00eda Echeverr\u00eda (QDDG) Muchas Felicidades hasta el Cielo"},"content":{"rendered":"<\/p>\n","protected":false},"excerpt":{"rendered":"","protected":false},"author":0,"featured_media":0,"comment_status":"open","ping_status":"open","sticky":false,"template":"","format":"standard","meta":{"_jetpack_memberships_contains_paid_content":false,"footnotes":""},"categories":[5],"tags":[],"class_list":["post-26789","post","type-post","status-publish","format-standard","","category-noticias"],"jetpack_sharing_enabled":true,"jetpack_featured_media_url":"","_links":{"self":[{"href":"https:\/\/mickyandoniehn.com\/radio\/wp-json\/wp\/v2\/posts\/26789","targetHints":{"allow":["GET"]}}],"collection":[{"href":"https:\/\/mickyandoniehn.com\/radio\/wp-json\/wp\/v2\/posts"}],"about":[{"href":"https:\/\/mickyandoniehn.com\/radio\/wp-json\/wp\/v2\/types\/post"}],"replies":[{"embeddable":true,"href":"https:\/\/mickyandoniehn.com\/radio\/wp-json\/wp\/v2\/comments?post=26789"}],"version-history":[{"count":0,"href":"https:\/\/mickyandoniehn.com\/radio\/wp-json\/wp\/v2\/posts\/26789\/revisions"}],"wp:attachment":[{"href":"https:\/\/mickyandoniehn.com\/radio\/wp-json\/wp\/v2\/media?parent=26789"}],"wp:term":[{"taxonomy":"category","embeddable":true,"href":"https:\/\/mickyandoniehn.com\/radio\/wp-json\/wp\/v2\/categories?post=26789"},{"taxonomy":"post_tag","embeddable":true,"href":"https:\/\/mickyandoniehn.com\/radio\/wp-json\/wp\/v2\/tags?post=26789"}],"curies":[{"name":"wp","href":"https:\/\/api.w.org\/{rel}","templated":true}]}}