{"id":26787,"date":"2022-08-19T07:12:46","date_gmt":"2022-08-19T13:12:46","guid":{"rendered":"http:\/\/mickyandoniehn.com\/radio\/2022\/08\/19\/19-de-agosto-dia-mundial-de-la-fotografia\/"},"modified":"2022-08-19T07:12:46","modified_gmt":"2022-08-19T13:12:46","slug":"19-de-agosto-dia-mundial-de-la-fotografia","status":"publish","type":"post","link":"https:\/\/mickyandoniehn.com\/radio\/2022\/08\/19\/19-de-agosto-dia-mundial-de-la-fotografia\/","title":{"rendered":"19 de agosto: D\u00eda Mundial de la Fotograf\u00eda"},"content":{"rendered":"<p>17\/08\/2018 \u00bfQui\u00e9n no ha utilizado una c\u00e1mara de fotos alguna vez? Hoy todo el mundo ha probado una. Sin embargo, hace apenas 170 a\u00f1os, esta t\u00e9cnica no era ni un proyecto a\u00fan. Hoy, 19 de agosto, se celebra el D\u00eda Mundial de la Fotograf\u00eda, un hito hist\u00f3rico que ha cambiado nuestras vidas<br \/>CULTURA IBEROAM\u00c9RICA<br \/>PIXABAY\/NOTIM\u00c9RICA<\/p>\n<p>El 19 de agosto se celebra el\u00a0D\u00eda Mundial de la Fotograf\u00eda\u00a0para homenajear a la t\u00e9cnica art\u00edstica-tecnol\u00f3gica-cient\u00edfica que no solo sirve para expresarse sino para documentar hechos, analizar cr\u00edmenes o mostrar realidades. La historia de la fotograf\u00eda\u00a0remonta sus or\u00edgenes al imperio chino\u00a0con las primeras pruebas que se conocen en relaci\u00f3n a la proyecci\u00f3n de im\u00e1genes.<\/p>\n<p>Desde entonces,\u00a0innumerables naciones participaron en su creaci\u00f3n\u00a0a trav\u00e9s de distintos avances que aportaron conforme a su \u00e9poca. El mism\u00edsimo\u00a0Arist\u00f3teles estuvo involucrado en los principios \u00f3pticos\u00a0que facilitaron la invenci\u00f3n de la fotograf\u00eda moderna. Debido a la cantidad de personas que posibilitaron esta t\u00e9cnica, elegimos solo algunos hitos hist\u00f3ricos para ilustrar el\u00a0nacimiento de la fotograf\u00edaa grandes rasgos y garantizar un hilo conductor hasta la actualidad.<\/p>\n<p>Fuente:\u00a0noticias.universia.es<\/p>\n","protected":false},"excerpt":{"rendered":"<p>17\/08\/2018 \u00bfQui\u00e9n no ha utilizado una c\u00e1mara de fotos alguna vez? Hoy todo el mundo ha probado una. Sin embargo, hace apenas 170 a\u00f1os, esta t\u00e9cnica no era ni un proyecto a\u00fan. Hoy, 19 de agosto, se celebra el D\u00eda Mundial de la Fotograf\u00eda, un hito hist\u00f3rico que ha cambiado nuestras vidasCULTURA IBEROAM\u00c9RICAPIXABAY\/NOTIM\u00c9RICA El 19 &hellip;<\/p>\n","protected":false},"author":0,"featured_media":26788,"comment_status":"open","ping_status":"open","sticky":false,"template":"","format":"standard","meta":{"_jetpack_memberships_contains_paid_content":false,"footnotes":""},"categories":[5],"tags":[],"class_list":["post-26787","post","type-post","status-publish","format-standard","has-post-thumbnail","","category-noticias"],"jetpack_sharing_enabled":true,"jetpack_featured_media_url":"https:\/\/mickyandoniehn.com\/radio\/wp-content\/uploads\/2022\/08\/fotonoticia_20180819012444_420-ii08tY.jpeg","_links":{"self":[{"href":"https:\/\/mickyandoniehn.com\/radio\/wp-json\/wp\/v2\/posts\/26787","targetHints":{"allow":["GET"]}}],"collection":[{"href":"https:\/\/mickyandoniehn.com\/radio\/wp-json\/wp\/v2\/posts"}],"about":[{"href":"https:\/\/mickyandoniehn.com\/radio\/wp-json\/wp\/v2\/types\/post"}],"replies":[{"embeddable":true,"href":"https:\/\/mickyandoniehn.com\/radio\/wp-json\/wp\/v2\/comments?post=26787"}],"version-history":[{"count":0,"href":"https:\/\/mickyandoniehn.com\/radio\/wp-json\/wp\/v2\/posts\/26787\/revisions"}],"wp:featuredmedia":[{"embeddable":true,"href":"https:\/\/mickyandoniehn.com\/radio\/wp-json\/wp\/v2\/media\/26788"}],"wp:attachment":[{"href":"https:\/\/mickyandoniehn.com\/radio\/wp-json\/wp\/v2\/media?parent=26787"}],"wp:term":[{"taxonomy":"category","embeddable":true,"href":"https:\/\/mickyandoniehn.com\/radio\/wp-json\/wp\/v2\/categories?post=26787"},{"taxonomy":"post_tag","embeddable":true,"href":"https:\/\/mickyandoniehn.com\/radio\/wp-json\/wp\/v2\/tags?post=26787"}],"curies":[{"name":"wp","href":"https:\/\/api.w.org\/{rel}","templated":true}]}}