{"id":26750,"date":"2022-08-18T11:12:35","date_gmt":"2022-08-18T17:12:35","guid":{"rendered":"https:\/\/mickyandoniehn.com\/radio\/2022\/08\/18\/yuscaran-celebra-por-primera-vez-el-dia-municipal-del-folklor-obed-valladares\/"},"modified":"2022-08-18T11:12:35","modified_gmt":"2022-08-18T17:12:35","slug":"yuscaran-celebra-por-primera-vez-el-dia-municipal-del-folklor-obed-valladares","status":"publish","type":"post","link":"https:\/\/mickyandoniehn.com\/radio\/2022\/08\/18\/yuscaran-celebra-por-primera-vez-el-dia-municipal-del-folklor-obed-valladares\/","title":{"rendered":"Yuscar\u00e1n celebra por primera vez el D\u00eda Municipal del Folklor \u201cObed Valladares\u201d"},"content":{"rendered":"<p><strong>Tegucigalpa,Honduras jueves 18 agosto 2022<\/strong><\/p>\n<\/p>\n<p>El Instituto Hondure\u00f1o de Turismo (IHT) inform\u00f3 que el municipio de Yuscar\u00e1n, El Para\u00edso, celebr\u00f3 por primera vez el d\u00eda Municipal del Folklor.<\/p>\n<p>La actividad cont\u00f3 con el apoyo del IHT y la Alcald\u00eda Municipal de Yuscar\u00e1n.<\/p>\n<p>Dicha celebraci\u00f3n fue engalanada con actos c\u00edvicos y hermosas presentaciones de parte de los distintos centros educativos de la zona.<\/p>\n<p>A su vez, el pueblo de Yuscar\u00e1n dio a conocer el acuerdo que declara el segundo s\u00e1bado del mes de agosto de cada a\u00f1o como el D\u00eda Municipal Del Folklor \u201cObed Valladares\u201d.<\/p>\n<p>Cabe mencionar que el nombre es en honor a este destacado artista escultor nacido en Yuscar\u00e1n.<\/p>\n<p><strong>Fuente: La Tribuna<\/strong><\/p>\n","protected":false},"excerpt":{"rendered":"<p>Tegucigalpa,Honduras jueves 18 agosto 2022 El Instituto Hondure\u00f1o de Turismo (IHT) inform\u00f3 que el municipio de Yuscar\u00e1n, El Para\u00edso, celebr\u00f3 por primera vez el d\u00eda Municipal del Folklor. La actividad cont\u00f3 con el apoyo del IHT y la Alcald\u00eda Municipal de Yuscar\u00e1n. Dicha celebraci\u00f3n fue engalanada con actos c\u00edvicos y hermosas presentaciones de parte de &hellip;<\/p>\n","protected":false},"author":0,"featured_media":26751,"comment_status":"open","ping_status":"open","sticky":false,"template":"","format":"standard","meta":{"_jetpack_memberships_contains_paid_content":false,"footnotes":""},"categories":[5],"tags":[],"class_list":["post-26750","post","type-post","status-publish","format-standard","has-post-thumbnail","","category-noticias"],"jetpack_sharing_enabled":true,"jetpack_featured_media_url":"https:\/\/mickyandoniehn.com\/radio\/wp-content\/uploads\/2022\/08\/Captura-68-2048x1378-1-MOAnzi.jpeg","_links":{"self":[{"href":"https:\/\/mickyandoniehn.com\/radio\/wp-json\/wp\/v2\/posts\/26750","targetHints":{"allow":["GET"]}}],"collection":[{"href":"https:\/\/mickyandoniehn.com\/radio\/wp-json\/wp\/v2\/posts"}],"about":[{"href":"https:\/\/mickyandoniehn.com\/radio\/wp-json\/wp\/v2\/types\/post"}],"replies":[{"embeddable":true,"href":"https:\/\/mickyandoniehn.com\/radio\/wp-json\/wp\/v2\/comments?post=26750"}],"version-history":[{"count":0,"href":"https:\/\/mickyandoniehn.com\/radio\/wp-json\/wp\/v2\/posts\/26750\/revisions"}],"wp:featuredmedia":[{"embeddable":true,"href":"https:\/\/mickyandoniehn.com\/radio\/wp-json\/wp\/v2\/media\/26751"}],"wp:attachment":[{"href":"https:\/\/mickyandoniehn.com\/radio\/wp-json\/wp\/v2\/media?parent=26750"}],"wp:term":[{"taxonomy":"category","embeddable":true,"href":"https:\/\/mickyandoniehn.com\/radio\/wp-json\/wp\/v2\/categories?post=26750"},{"taxonomy":"post_tag","embeddable":true,"href":"https:\/\/mickyandoniehn.com\/radio\/wp-json\/wp\/v2\/tags?post=26750"}],"curies":[{"name":"wp","href":"https:\/\/api.w.org\/{rel}","templated":true}]}}