{"id":26748,"date":"2022-08-18T11:12:35","date_gmt":"2022-08-18T17:12:35","guid":{"rendered":"https:\/\/mickyandoniehn.com\/radio\/2022\/08\/18\/cn-aprueba-prestamo-de-mil-millones-de-dolares-destinado-a-la-inversion-publica\/"},"modified":"2022-08-18T11:12:35","modified_gmt":"2022-08-18T17:12:35","slug":"cn-aprueba-prestamo-de-mil-millones-de-dolares-destinado-a-la-inversion-publica","status":"publish","type":"post","link":"https:\/\/mickyandoniehn.com\/radio\/2022\/08\/18\/cn-aprueba-prestamo-de-mil-millones-de-dolares-destinado-a-la-inversion-publica\/","title":{"rendered":"CN aprueba pr\u00e9stamo de mil millones de d\u00f3lares destinado a la inversi\u00f3n p\u00fablica"},"content":{"rendered":"<p><strong>Tegucigalpa,Honduras jueves 18 agosto 2022<\/strong><\/p>\n<\/p>\n<p>El Congreso Nacional (CN) aprob\u00f3 en las \u00faltimas horas un pr\u00e9stamo del Banco Central de Honduras (BCH) por un valor de mil millones de d\u00f3lares al Gobierno, destinado a la inversi\u00f3n p\u00fablica.<\/p>\n<p>La viceministra de Finanzas, Elizabeth Rivera, indic\u00f3 que el pr\u00e9stamo es por un per\u00edodo de 30 a\u00f1os, con cinco a\u00f1os de gracia a una tasa de inter\u00e9s de 1.9 por ciento.<\/p>\n<p>El cr\u00e9dito ya hab\u00eda sido autorizado por el Congreso Nacional y posteriormente ratificado por el directorio del Banco Central.<\/p>\n<p>El vicepresidente del Congreso Nacional, Hugo No\u00e9 Pino, indic\u00f3 que es la tercera ocasi\u00f3n en que se discute el financiamiento en el Legislativo.<\/p>\n<p>Del mismo modo, rese\u00f1\u00f3 que la primera ocasi\u00f3n fue durante la ampliaci\u00f3n del Presupuesto General del 2022, al se\u00f1alarse que parte del financiamiento se har\u00eda con recursos provenientes del BCH.<\/p>\n<p>La segunda vez fue cuando el Congreso Nacional aprob\u00f3 a la Secretar\u00eda de Finanzas gestionar con el BCH un convenio para el pr\u00e9stamo.<\/p>\n<p><a href=\"https:\/\/hondudiario.com\/wp-content\/uploads\/2021\/03\/157705756_1223702248083249_6378508747134705209_n.jpg\">No\u00e9 Pino adelant\u00f3 que parte de los recursos ser\u00e1n utilizados para la inversi\u00f3n p\u00fablica, y una importante asignaci\u00f3n para proyectos para la Empresa Nacional de Energ\u00eda El\u00e9ctrica (ENEE).<\/a><\/p>\n<p><a href=\"https:\/\/hondudiario.com\/wp-content\/uploads\/2021\/03\/157705756_1223702248083249_6378508747134705209_n.jpg\">Los proyectos son para el mejoramiento de las l\u00edneas de transmisi\u00f3n, compra de contadores y parte de la construcci\u00f3n de la represa El Tabl\u00f3n, seg\u00fan detall\u00f3.<\/a><\/p>\n<p><a href=\"https:\/\/hondudiario.com\/wp-content\/uploads\/2021\/03\/157705756_1223702248083249_6378508747134705209_n.jpg\">El diputado agreg\u00f3 que la construcci\u00f3n de la represa El Tabl\u00f3n es para contener parcialmente las inundaciones en la regi\u00f3n del Valle de Sula.<\/a><\/p>\n<p><a href=\"https:\/\/hondudiario.com\/wp-content\/uploads\/2021\/03\/157705756_1223702248083249_6378508747134705209_n.jpg\">El pr\u00e9stamo tambi\u00e9n servir\u00e1 para invertir en rehabilitaci\u00f3n de centros educativos, procesos de construcci\u00f3n de hospitales y cancelar la deuda externa.<\/a><\/p>\n<p><a href=\"https:\/\/hondudiario.com\/wp-content\/uploads\/2021\/03\/157705756_1223702248083249_6378508747134705209_n.jpg\">Adem\u00e1s, se impulsar\u00e1n para cubrir el segundo semestre el gasto corriente del Gobierno.<\/a><\/p>\n<p><strong>Fuente: La Tribuna<\/strong><\/p>\n","protected":false},"excerpt":{"rendered":"<p>Tegucigalpa,Honduras jueves 18 agosto 2022 El Congreso Nacional (CN) aprob\u00f3 en las \u00faltimas horas un pr\u00e9stamo del Banco Central de Honduras (BCH) por un valor de mil millones de d\u00f3lares al Gobierno, destinado a la inversi\u00f3n p\u00fablica. La viceministra de Finanzas, Elizabeth Rivera, indic\u00f3 que el pr\u00e9stamo es por un per\u00edodo de 30 a\u00f1os, con &hellip;<\/p>\n","protected":false},"author":0,"featured_media":26749,"comment_status":"open","ping_status":"open","sticky":false,"template":"","format":"standard","meta":{"_jetpack_memberships_contains_paid_content":false,"footnotes":""},"categories":[5],"tags":[],"class_list":["post-26748","post","type-post","status-publish","format-standard","has-post-thumbnail","","category-noticias"],"jetpack_sharing_enabled":true,"jetpack_featured_media_url":"https:\/\/mickyandoniehn.com\/radio\/wp-content\/uploads\/2022\/08\/157705756_1223702248083249_6378508747134705209_n-KIovxB.jpeg","_links":{"self":[{"href":"https:\/\/mickyandoniehn.com\/radio\/wp-json\/wp\/v2\/posts\/26748","targetHints":{"allow":["GET"]}}],"collection":[{"href":"https:\/\/mickyandoniehn.com\/radio\/wp-json\/wp\/v2\/posts"}],"about":[{"href":"https:\/\/mickyandoniehn.com\/radio\/wp-json\/wp\/v2\/types\/post"}],"replies":[{"embeddable":true,"href":"https:\/\/mickyandoniehn.com\/radio\/wp-json\/wp\/v2\/comments?post=26748"}],"version-history":[{"count":0,"href":"https:\/\/mickyandoniehn.com\/radio\/wp-json\/wp\/v2\/posts\/26748\/revisions"}],"wp:featuredmedia":[{"embeddable":true,"href":"https:\/\/mickyandoniehn.com\/radio\/wp-json\/wp\/v2\/media\/26749"}],"wp:attachment":[{"href":"https:\/\/mickyandoniehn.com\/radio\/wp-json\/wp\/v2\/media?parent=26748"}],"wp:term":[{"taxonomy":"category","embeddable":true,"href":"https:\/\/mickyandoniehn.com\/radio\/wp-json\/wp\/v2\/categories?post=26748"},{"taxonomy":"post_tag","embeddable":true,"href":"https:\/\/mickyandoniehn.com\/radio\/wp-json\/wp\/v2\/tags?post=26748"}],"curies":[{"name":"wp","href":"https:\/\/api.w.org\/{rel}","templated":true}]}}