{"id":26730,"date":"2022-08-18T10:12:35","date_gmt":"2022-08-18T16:12:35","guid":{"rendered":"http:\/\/mickyandoniehn.com\/radio\/2022\/08\/18\/ya-conocemos-la-fecha-en-la-que-apple-presentara-los-iphone-14\/"},"modified":"2022-08-18T10:12:35","modified_gmt":"2022-08-18T16:12:35","slug":"ya-conocemos-la-fecha-en-la-que-apple-presentara-los-iphone-14","status":"publish","type":"post","link":"https:\/\/mickyandoniehn.com\/radio\/2022\/08\/18\/ya-conocemos-la-fecha-en-la-que-apple-presentara-los-iphone-14\/","title":{"rendered":"Ya conocemos la fecha en la que Apple presentar\u00e1 los iPhone 14"},"content":{"rendered":"<\/p>\n<p>Apple planea celebrar una keynote el pr\u00f3ximo\u00a0<strong>7 de septiembre<\/strong>, seg\u00fan Mark Gurman (<em><a href=\"https:\/\/www.bloomberg.com\/news\/articles\/2022-08-17\/apple-targets-sept-7-for-iphone-14-launch-in-flurry-of-devices\">Bloomberg<\/a><\/em>). Evidentemente, el evento est\u00e1 destinado al anuncio oficial de los iPhone 14,\u00a0<a href=\"https:\/\/hipertextual.com\/2022\/07\/iphone-14\">cuyas caracter\u00edsticas conocemos casi por completo<\/a>\u00a0gracias a las constantes filtraciones. As\u00ed pues, los de Cupertino no tendr\u00e1n problemas para cumplir con el mes habitual de presentaci\u00f3n de su nuevo terminal, que este a\u00f1o llegar\u00e1 con importantes novedades, sobre todo en la variante Pro.<\/p>\n<p>De acuerdo a Gurman, los iPhone 14 tendr\u00e1n un dise\u00f1o muy similar al de la generaci\u00f3n actual, salvo por una excepci\u00f3n que solo encontraremos en los modelos de mayores prestaciones.\u00a0<strong>Los iPhone 14 Pro y iPhone 14 Pro Max finalmente se despedir\u00e1n del tan pol\u00e9mico \u2018notch\u2019 para dar paso a una pantalla perforada<\/strong><\/p>\n<div class=\"hybs-mslot\"><\/div>\n<p>Eso s\u00ed, a diferencia de las propuestas de otros fabricantes,\u00a0<strong>Apple apostar\u00e1 por dos agujeros en lugar de uno<\/strong>. Esto ha sido necesario para dar cabida a la c\u00e1mara frontal y a los sensores TrueDepth que hacen posible el funcionamiento del Face ID. Por lo tanto, tendremos una perforaci\u00f3n del tipo \u00abp\u00edldora y agujero\u00bb. Gracias a esta soluci\u00f3n, la pantalla tendr\u00e1 un espacio ligeramente mayor<\/p>\n<div class=\"st-placement standard_1 inImage\">\n<div class=\"st-adunit st-adunit-tagged st-reset st-show\">\n<div class=\"st-adunit-ad st-reset\">\n<div class=\"st-display-render st-reset\">\n<div class=\"st-reset\">\n<div class=\"important-styled st-canvas-container programmatic-direct HalfPage display-standard fssquz2\">\n<div class=\"important-styled st-canvas-el fhxwyqa\">\n<div class=\"important-styled st-canvas-container undefined fssquz2\">\n<div class=\"important-styled st-canvas-el f1d2f9rf\">\n<div class=\"important-styled st-canvas-container undefined fssquz2\">\n<div class=\"important-styled st-canvas-el fhxwyqa\">\n<div class=\"important-styled display-render x-to-close f34xbyh\"><\/div>\n<\/div>\n<\/div>\n<\/div>\n<\/div>\n<\/div>\n<\/div>\n<\/div>\n<\/div>\n<\/div>\n<\/div>\n<\/div>\n<p>Imagen: Jon Prosser.<\/p>\n<p>Internamente tambi\u00e9n habr\u00e1 sorpresas.\u00a0<strong>Los modelos de entrada del iPhone 14 heredar\u00e1n el chip A15 Bionic<\/strong>, el mismo que encontramos en los iPhone 13. Es decir, el nuevo A16 Bionic ser\u00e1 exclusivo de los iPhone 14 Pro. Es la primera vez que la compa\u00f1\u00eda sigue esta estrategia, aunque aqu\u00ed en\u00a0<em>Hipertextual<\/em>\u00a0<a href=\"https:\/\/hipertextual.com\/2022\/08\/iphone-14-cambio-estrategia-apple\">ya te explicamos por qu\u00e9 tiene todo el sentido del mundo<\/a>. La memoria RAM, por su parte, ser\u00e1 de 6 GB, mientras que las opciones de almacenamiento ser\u00e1n iguales a la generaci\u00f3n actual.<\/p>\n<div class=\"hybs-mslot\"><\/div>\n<p>El apartado fotogr\u00e1fico se se va a quedar atr\u00e1s. Todas las versiones de los iPhone 14 llegar\u00e1n con un sensor ultra gran angular mejorado. Adem\u00e1s, los modelos Pro abrazar\u00e1n una\u00a0<strong>nueva c\u00e1mara principal de 48 megap\u00edxeles<\/strong>, la cual ser\u00e1 capaz de grabar v\u00eddeos con resoluci\u00f3n 8K. Si bien no hay detalles concretos de las c\u00e1maras frontales, igualmente se espera una mejora significativa.<\/p>\n<p>Respecto a la disponibilidad de tama\u00f1os,\u00a0<strong>esta generaci\u00f3n le dir\u00e1 adi\u00f3s a la variante Mini<\/strong>. Su lugar ser\u00e1 ocupado por un nuevo modelo Max de entrada de 6,7\u2033. Llegar\u00e1 en colores negro, blanco, rojo, azul, verde y p\u00farpura, mientras que el iPhone 14 Pro se podr\u00e1 adquirir en plata, grafito (negro), dorado o p\u00farpura.<\/p>\n<p><strong>Fuente: hipertextual.com<\/strong><\/p>\n","protected":false},"excerpt":{"rendered":"<p>Apple planea celebrar una keynote el pr\u00f3ximo\u00a07 de septiembre, seg\u00fan Mark Gurman (Bloomberg). Evidentemente, el evento est\u00e1 destinado al anuncio oficial de los iPhone 14,\u00a0cuyas caracter\u00edsticas conocemos casi por completo\u00a0gracias a las constantes filtraciones. As\u00ed pues, los de Cupertino no tendr\u00e1n problemas para cumplir con el mes habitual de presentaci\u00f3n de su nuevo terminal, que &hellip;<\/p>\n","protected":false},"author":0,"featured_media":26731,"comment_status":"open","ping_status":"open","sticky":false,"template":"","format":"standard","meta":{"_jetpack_memberships_contains_paid_content":false,"footnotes":""},"categories":[5],"tags":[],"class_list":["post-26730","post","type-post","status-publish","format-standard","has-post-thumbnail","","category-noticias"],"jetpack_sharing_enabled":true,"jetpack_featured_media_url":"https:\/\/mickyandoniehn.com\/radio\/wp-content\/uploads\/2022\/08\/iphone-14-1-BQIEpF.jpeg","_links":{"self":[{"href":"https:\/\/mickyandoniehn.com\/radio\/wp-json\/wp\/v2\/posts\/26730","targetHints":{"allow":["GET"]}}],"collection":[{"href":"https:\/\/mickyandoniehn.com\/radio\/wp-json\/wp\/v2\/posts"}],"about":[{"href":"https:\/\/mickyandoniehn.com\/radio\/wp-json\/wp\/v2\/types\/post"}],"replies":[{"embeddable":true,"href":"https:\/\/mickyandoniehn.com\/radio\/wp-json\/wp\/v2\/comments?post=26730"}],"version-history":[{"count":0,"href":"https:\/\/mickyandoniehn.com\/radio\/wp-json\/wp\/v2\/posts\/26730\/revisions"}],"wp:featuredmedia":[{"embeddable":true,"href":"https:\/\/mickyandoniehn.com\/radio\/wp-json\/wp\/v2\/media\/26731"}],"wp:attachment":[{"href":"https:\/\/mickyandoniehn.com\/radio\/wp-json\/wp\/v2\/media?parent=26730"}],"wp:term":[{"taxonomy":"category","embeddable":true,"href":"https:\/\/mickyandoniehn.com\/radio\/wp-json\/wp\/v2\/categories?post=26730"},{"taxonomy":"post_tag","embeddable":true,"href":"https:\/\/mickyandoniehn.com\/radio\/wp-json\/wp\/v2\/tags?post=26730"}],"curies":[{"name":"wp","href":"https:\/\/api.w.org\/{rel}","templated":true}]}}