{"id":26724,"date":"2022-08-18T10:12:33","date_gmt":"2022-08-18T16:12:33","guid":{"rendered":"http:\/\/mickyandoniehn.com\/radio\/2022\/08\/18\/tres-de-diez-empresas-latinas-aplican-inteligencia-artificial-segun-ibm\/"},"modified":"2022-08-18T10:12:33","modified_gmt":"2022-08-18T16:12:33","slug":"tres-de-diez-empresas-latinas-aplican-inteligencia-artificial-segun-ibm","status":"publish","type":"post","link":"https:\/\/mickyandoniehn.com\/radio\/2022\/08\/18\/tres-de-diez-empresas-latinas-aplican-inteligencia-artificial-segun-ibm\/","title":{"rendered":"Tres de diez empresas latinas aplican Inteligencia Artificial, seg\u00fan IBM"},"content":{"rendered":"<\/p>\n<h2>El estudio de IBM sorprende por los hallazgos en Am\u00e9rica Latina, donde enfrentan la escasez de talento y habilidades<\/h2>\n<div>\n<div>\n<p>Am\u00e9rica Latina ya vive en la ola de las nuevas tendencias corporativas. Una nueva investigaci\u00f3n de mercado encargada por IBM revel\u00f3 que la adopci\u00f3n de la Inteligencia Artificial (IA) creci\u00f3 de forma constante en todo el mundo, con el 29% de las empresas en Latinoam\u00e9rica indicando que han implementado activamente la IA. Esto subraya a\u00fan m\u00e1s que el crecimiento de esta tecnolog\u00eda est\u00e1 a punto de acelerarse a medida que contin\u00faa madurando, volvi\u00e9ndose m\u00e1s accesible y m\u00e1s f\u00e1cil de implementar.<\/p>\n<\/div>\n<div>\n<p>Otros hallazgos del Global AI Adoption Index 2022, realizado por Morning Consult para IBM, revelaron que este crecimiento se debi\u00f3 a que las empresas reconocieron el valor de la IA a medida que est\u00e1n emergiendo de los desaf\u00edos de la pandemia de covid-19 e invirtiendo en su transformaci\u00f3n digital, mientras que enfrentan la escasez de talento y de habilidades.<\/p>\n<\/div>\n<div>\n<p>En Latinoam\u00e9rica, la adopci\u00f3n est\u00e1 siendo impulsada por los avances que hacen que la IA sea m\u00e1s accesible para las empresas (46%), as\u00ed como la necesidad de reducir costos y automatizar procesos clave (44%).<\/p>\n<div>\n<p>Por primera vez, el informe tambi\u00e9n le pregunt\u00f3 a las compa\u00f1\u00edas sobre sus planes de incorporar la IA en sus iniciativas de sostenibilidad, y encontr\u00f3 que esta tecnolog\u00eda est\u00e1 preparada para desempe\u00f1ar un papel significativo en esa \u00e1rea. Como un ejemplo, el 66% de los profesionales de TI indicaron que, para acelerar sus iniciativas ESG, su empresa est\u00e1 implementando actualmente la IA o tiene planes de hacerlo.<\/p>\n<\/div>\n<\/div>\n<div>\n<div>\n<p>Fuerte en la regi\u00f3n<\/p>\n<\/div>\n<div>\n<p>La adopci\u00f3n de IA est\u00e1 creciendo constantemente y hoy el 29% de las empresas en Latinoam\u00e9rica reportan que utilizan la IA en sus operaciones comerciales. En comparaci\u00f3n con 2021, las organizaciones son un 8% m\u00e1s propensas a adoptar la IA en 2022. Adem\u00e1s, el 43% de las empresas est\u00e1n explorando el uso de la IA y el 66% de los profesionales de tecnolog\u00eda en la regi\u00f3n han acelerado sus inversiones.<\/p>\n<p><strong>Fuente: eldeber.com<\/strong><\/p>\n<\/div>\n<\/div>\n<\/div>\n","protected":false},"excerpt":{"rendered":"<p>El estudio de IBM sorprende por los hallazgos en Am\u00e9rica Latina, donde enfrentan la escasez de talento y habilidades Am\u00e9rica Latina ya vive en la ola de las nuevas tendencias corporativas. Una nueva investigaci\u00f3n de mercado encargada por IBM revel\u00f3 que la adopci\u00f3n de la Inteligencia Artificial (IA) creci\u00f3 de forma constante en todo el &hellip;<\/p>\n","protected":false},"author":0,"featured_media":26725,"comment_status":"open","ping_status":"open","sticky":false,"template":"","format":"standard","meta":{"_jetpack_memberships_contains_paid_content":false,"footnotes":""},"categories":[5],"tags":[],"class_list":["post-26724","post","type-post","status-publish","format-standard","has-post-thumbnail","","category-noticias"],"jetpack_sharing_enabled":true,"jetpack_featured_media_url":"https:\/\/mickyandoniehn.com\/radio\/wp-content\/uploads\/2022\/08\/importada-feed_1888130053_760x520-mbXqwT.jpeg","_links":{"self":[{"href":"https:\/\/mickyandoniehn.com\/radio\/wp-json\/wp\/v2\/posts\/26724","targetHints":{"allow":["GET"]}}],"collection":[{"href":"https:\/\/mickyandoniehn.com\/radio\/wp-json\/wp\/v2\/posts"}],"about":[{"href":"https:\/\/mickyandoniehn.com\/radio\/wp-json\/wp\/v2\/types\/post"}],"replies":[{"embeddable":true,"href":"https:\/\/mickyandoniehn.com\/radio\/wp-json\/wp\/v2\/comments?post=26724"}],"version-history":[{"count":0,"href":"https:\/\/mickyandoniehn.com\/radio\/wp-json\/wp\/v2\/posts\/26724\/revisions"}],"wp:featuredmedia":[{"embeddable":true,"href":"https:\/\/mickyandoniehn.com\/radio\/wp-json\/wp\/v2\/media\/26725"}],"wp:attachment":[{"href":"https:\/\/mickyandoniehn.com\/radio\/wp-json\/wp\/v2\/media?parent=26724"}],"wp:term":[{"taxonomy":"category","embeddable":true,"href":"https:\/\/mickyandoniehn.com\/radio\/wp-json\/wp\/v2\/categories?post=26724"},{"taxonomy":"post_tag","embeddable":true,"href":"https:\/\/mickyandoniehn.com\/radio\/wp-json\/wp\/v2\/tags?post=26724"}],"curies":[{"name":"wp","href":"https:\/\/api.w.org\/{rel}","templated":true}]}}