{"id":26703,"date":"2022-08-18T09:12:34","date_gmt":"2022-08-18T15:12:34","guid":{"rendered":"http:\/\/mickyandoniehn.com\/radio\/2022\/08\/18\/la-historia-del-mundo-y-honduras-625\/"},"modified":"2022-08-18T09:12:34","modified_gmt":"2022-08-18T15:12:34","slug":"la-historia-del-mundo-y-honduras-625","status":"publish","type":"post","link":"https:\/\/mickyandoniehn.com\/radio\/2022\/08\/18\/la-historia-del-mundo-y-honduras-625\/","title":{"rendered":"La Historia del Mundo y Honduras"},"content":{"rendered":"<\/p>\n<p>18.AGO.1952<br \/>\nFalleci\u00f3 San Luis Alberto Hurtado Cruchaga<\/p>\n<p>San Luis Alberto Hurtado Cruchaga, conocido popularmente como Padre Hurtado, fue un sacerdote jesuita chileno, fundador del Hogar de Cristo (Su objetivo es crear un lugar de acogida para la gente en situaci\u00f3n de calle). Desde su canonizaci\u00f3n, el 23 de octubre de 2005 por el Papa Benedicto XVI, los cat\u00f3licos lo veneran como San Alberto Hurtado. Es considerado en Chile como Patrono de los Trabajadores y del Sindicalismo. El 18 de agosto de 1952 falleci\u00f3 a causa de un c\u00e1ncer de p\u00e1ncreas que hab\u00eda desarrollado durante los \u00faltimos a\u00f1os. Sin embargo, su muerte no implic\u00f3 el fin de sus ense\u00f1anzas y mensajes. El Hogar de Cristo se volvi\u00f3 la instituci\u00f3n de beneficencia m\u00e1s grande del pa\u00eds y se volvi\u00f3 un \u00edcono para los j\u00f3venes, pobres, ancianos y obreros. El Gobierno de Chile declar\u00f3 el 18 de agosto como el \u00abD\u00eda de la Solidaridad\u00bb. Tras la acreditaci\u00f3n de un milagro, fue beatificado por el Papa Juan Pablo II el 16 de octubre de 1994 en la Plaza de San Pedro, Ciudad del Vaticano. A la celebraci\u00f3n asistieron miles de chilenos, encabezados por el entonces Presidente de la Rep\u00fablica, Eduardo Frei, y los presidentes de ambas c\u00e1maras del poder Legislativo, Gabriel Vald\u00e9s y Vicente Sotta, ambos ex alumnos del beato en el Colegio San Ignacio. El mismo Pont\u00edfice anunci\u00f3 durante 2004 que ser\u00eda declarado Santo de la Iglesia Cat\u00f3lica.<\/p>\n","protected":false},"excerpt":{"rendered":"<p>18.AGO.1952 Falleci\u00f3 San Luis Alberto Hurtado Cruchaga San Luis Alberto Hurtado Cruchaga, conocido popularmente como Padre Hurtado, fue un sacerdote jesuita chileno, fundador del Hogar de Cristo (Su objetivo es crear un lugar de acogida para la gente en situaci\u00f3n de calle). Desde su canonizaci\u00f3n, el 23 de octubre de 2005 por el Papa Benedicto &hellip;<\/p>\n","protected":false},"author":0,"featured_media":26704,"comment_status":"open","ping_status":"open","sticky":false,"template":"","format":"standard","meta":{"_jetpack_memberships_contains_paid_content":false,"footnotes":""},"categories":[5],"tags":[],"class_list":["post-26703","post","type-post","status-publish","format-standard","has-post-thumbnail","","category-noticias"],"jetpack_sharing_enabled":true,"jetpack_featured_media_url":"https:\/\/mickyandoniehn.com\/radio\/wp-content\/uploads\/2022\/08\/18-de-Agosto-1952-FalleciC3B3-San-Luis-Alberto-Hurtado-Cruchaga-a0WeNd.jpeg","_links":{"self":[{"href":"https:\/\/mickyandoniehn.com\/radio\/wp-json\/wp\/v2\/posts\/26703","targetHints":{"allow":["GET"]}}],"collection":[{"href":"https:\/\/mickyandoniehn.com\/radio\/wp-json\/wp\/v2\/posts"}],"about":[{"href":"https:\/\/mickyandoniehn.com\/radio\/wp-json\/wp\/v2\/types\/post"}],"replies":[{"embeddable":true,"href":"https:\/\/mickyandoniehn.com\/radio\/wp-json\/wp\/v2\/comments?post=26703"}],"version-history":[{"count":0,"href":"https:\/\/mickyandoniehn.com\/radio\/wp-json\/wp\/v2\/posts\/26703\/revisions"}],"wp:featuredmedia":[{"embeddable":true,"href":"https:\/\/mickyandoniehn.com\/radio\/wp-json\/wp\/v2\/media\/26704"}],"wp:attachment":[{"href":"https:\/\/mickyandoniehn.com\/radio\/wp-json\/wp\/v2\/media?parent=26703"}],"wp:term":[{"taxonomy":"category","embeddable":true,"href":"https:\/\/mickyandoniehn.com\/radio\/wp-json\/wp\/v2\/categories?post=26703"},{"taxonomy":"post_tag","embeddable":true,"href":"https:\/\/mickyandoniehn.com\/radio\/wp-json\/wp\/v2\/tags?post=26703"}],"curies":[{"name":"wp","href":"https:\/\/api.w.org\/{rel}","templated":true}]}}