{"id":26694,"date":"2022-08-18T08:12:58","date_gmt":"2022-08-18T14:12:58","guid":{"rendered":"https:\/\/mickyandoniehn.com\/radio\/2022\/08\/18\/poblacion-hondurena-menor-de-44-anos-la-mas-susceptible-a-enfermarse-de-viruela-del-mono\/"},"modified":"2022-08-18T08:12:58","modified_gmt":"2022-08-18T14:12:58","slug":"poblacion-hondurena-menor-de-44-anos-la-mas-susceptible-a-enfermarse-de-viruela-del-mono","status":"publish","type":"post","link":"https:\/\/mickyandoniehn.com\/radio\/2022\/08\/18\/poblacion-hondurena-menor-de-44-anos-la-mas-susceptible-a-enfermarse-de-viruela-del-mono\/","title":{"rendered":"Poblaci\u00f3n hondure\u00f1a menor de 44 a\u00f1os la m\u00e1s susceptible a enfermarse de viruela del mono"},"content":{"rendered":"<p><strong>Tegucigalpa,Honduras jueves 18 agosto 2022<\/strong><\/p>\n<\/p>\n<p>La Secretar\u00eda de Salud (Sesal), se\u00f1al\u00f3 \u00a0que, debido a la situaci\u00f3n epidemiol\u00f3gica mundial de la viruela del mono, todos los pa\u00edses est\u00e1n en riesgo de ocurrencia de casos, por tanto, en Honduras existe el riesgo de importaci\u00f3n y registro de casos.<\/p>\n<p>En un comunicado, la Sesal reiter\u00f3 que a nivel nacional no existe informaci\u00f3n documental sobre datos de poblaci\u00f3n vacunada contra la viruela humana, se estima que hasta 1978 se dej\u00f3 de vacunar, por lo que probablemente la poblaci\u00f3n mayor de 44 a\u00f1os fue vacunada y la poblaci\u00f3n menor 44 a\u00f1os no han sido vacunados y \u201cson susceptibles a enfermar\u201d.<\/p>\n<p>El Grupo T\u00e9cnico Asesor (GTA) de la Organizaci\u00f3n Panamericana de la Salud (OPS) sobre Enfermedades Prevenibles por Vacunaci\u00f3n (EPV), en su reuni\u00f3n ad-hoc realizada el 31 de junio de 2022 recomienda la vacunaci\u00f3n de los contactos de los casos confirmados, con un esquema recomendado de 2 dosis en no vacunados y una dosis en vacunados previamente.<\/p>\n<p>El Fondo Rotatorio de la OPS solicita a los secretarios de Estado de los pa\u00edses de Las Am\u00e9ricas, manifiesten su inter\u00e9s de adquirir la vacuna contra la viruela s\u00edmica, misma petici\u00f3n que Honduras ya realiz\u00f3.<\/p>\n<p>Con base a la situaci\u00f3n epidemiol\u00f3gica mundial, y siguiendo las recomendaciones del GTA sobre EPV de la OPS y oferta de acceso a la vacuna a trav\u00e9s del Fondo Rotatorio de la OPS, Honduras a trav\u00e9s de la Secretar\u00eda de Salud confirm\u00f3 inter\u00e9s de adquirir 5,600 dosis de vacuna contra la viruela simica (idealmente Jynneos) de tercera generaci\u00f3n, la cual ha sido autorizada por la FDA, inform\u00f3 la Sesal.<\/p>\n<p>Asimismo, recomend\u00f3 a la poblaci\u00f3n mantener las medidas de bioseguridad como: lavado de manos constantemente con agua y jab\u00f3n, uso de mascarilla correctamente, distanciamiento f\u00edsico, cocinar bien los alimentos especialmente las carnes y no automedicarse.<\/p>\n<p><strong>Fuente: La Tribuna<\/strong><\/p>\n","protected":false},"excerpt":{"rendered":"<p>Tegucigalpa,Honduras jueves 18 agosto 2022 La Secretar\u00eda de Salud (Sesal), se\u00f1al\u00f3 \u00a0que, debido a la situaci\u00f3n epidemiol\u00f3gica mundial de la viruela del mono, todos los pa\u00edses est\u00e1n en riesgo de ocurrencia de casos, por tanto, en Honduras existe el riesgo de importaci\u00f3n y registro de casos. En un comunicado, la Sesal reiter\u00f3 que a nivel &hellip;<\/p>\n","protected":false},"author":0,"featured_media":26695,"comment_status":"open","ping_status":"open","sticky":false,"template":"","format":"standard","meta":{"_jetpack_memberships_contains_paid_content":false,"footnotes":""},"categories":[5],"tags":[],"class_list":["post-26694","post","type-post","status-publish","format-standard","has-post-thumbnail","","category-noticias"],"jetpack_sharing_enabled":true,"jetpack_featured_media_url":"https:\/\/mickyandoniehn.com\/radio\/wp-content\/uploads\/2022\/08\/WhatsApp-Image-2021-06-18-at-4.17.11-PM-1-1CCQtX.jpeg","_links":{"self":[{"href":"https:\/\/mickyandoniehn.com\/radio\/wp-json\/wp\/v2\/posts\/26694","targetHints":{"allow":["GET"]}}],"collection":[{"href":"https:\/\/mickyandoniehn.com\/radio\/wp-json\/wp\/v2\/posts"}],"about":[{"href":"https:\/\/mickyandoniehn.com\/radio\/wp-json\/wp\/v2\/types\/post"}],"replies":[{"embeddable":true,"href":"https:\/\/mickyandoniehn.com\/radio\/wp-json\/wp\/v2\/comments?post=26694"}],"version-history":[{"count":0,"href":"https:\/\/mickyandoniehn.com\/radio\/wp-json\/wp\/v2\/posts\/26694\/revisions"}],"wp:featuredmedia":[{"embeddable":true,"href":"https:\/\/mickyandoniehn.com\/radio\/wp-json\/wp\/v2\/media\/26695"}],"wp:attachment":[{"href":"https:\/\/mickyandoniehn.com\/radio\/wp-json\/wp\/v2\/media?parent=26694"}],"wp:term":[{"taxonomy":"category","embeddable":true,"href":"https:\/\/mickyandoniehn.com\/radio\/wp-json\/wp\/v2\/categories?post=26694"},{"taxonomy":"post_tag","embeddable":true,"href":"https:\/\/mickyandoniehn.com\/radio\/wp-json\/wp\/v2\/tags?post=26694"}],"curies":[{"name":"wp","href":"https:\/\/api.w.org\/{rel}","templated":true}]}}