{"id":26690,"date":"2022-08-18T08:12:58","date_gmt":"2022-08-18T14:12:58","guid":{"rendered":"https:\/\/mickyandoniehn.com\/radio\/2022\/08\/18\/ley-de-reactivacion-economica-no-tiene-los-resultados-esperados-segun-mipymes\/"},"modified":"2022-08-18T08:12:58","modified_gmt":"2022-08-18T14:12:58","slug":"ley-de-reactivacion-economica-no-tiene-los-resultados-esperados-segun-mipymes","status":"publish","type":"post","link":"https:\/\/mickyandoniehn.com\/radio\/2022\/08\/18\/ley-de-reactivacion-economica-no-tiene-los-resultados-esperados-segun-mipymes\/","title":{"rendered":"Ley de Reactivaci\u00f3n Econ\u00f3mica no tiene los resultados esperados, seg\u00fan Mipymes"},"content":{"rendered":"<p><strong>Tegucigalpa,Honduras jueves 18 agosto 2022<\/strong><\/p>\n<\/p>\n<p>El representante del Gremio de la Micro y Peque\u00f1a Empresa\u00a0(GREMYPE), Efra\u00edn Rodr\u00edguez, se\u00f1al\u00f3 que la Ley de Activaci\u00f3n Econ\u00f3mica que aprob\u00f3 el Congreso Nacional no ha tenido los resultados esperados.<\/p>\n<p>\u201cDespu\u00e9s de aprobada la ley solo se han formalizado unas ciento treinta empresas, quiere decir dos por d\u00eda, con la ley anterior hab\u00eda un promedio de quince empresas que se formalizaban por d\u00eda\u201d, declar\u00f3.<\/p>\n<p>\u201cLo que hemos visto es que ha habido una reducci\u00f3n m\u00e1s bien, porque la Ley no incentiva la formalizaci\u00f3n de empresas. La formaci\u00f3n de empresas no es suficiente para desarrollar la micro y peque\u00f1a empresa tienen que complementarse otros programas de apoyo\u201d, a\u00f1adi\u00f3.<\/p>\n<p>Los peque\u00f1os empresarios esperan tener o recibir apoyo a trav\u00e9s del Servicio Nacional de Emprendimiento y de Peque\u00f1os Negocios (Senprende).<\/p>\n<p><a href=\"https:\/\/hondudiario.com\/wp-content\/uploads\/2022\/07\/DSC_0056-scaled.jpg\">\u201cEsperamos que el gobierno le asigne el suficiente presupuesto para que se desarrollen diferentes programas para este sector\u201d, confi\u00f3.<\/a><\/p>\n<p><a href=\"https:\/\/hondudiario.com\/wp-content\/uploads\/2022\/07\/DSC_0056-scaled.jpg\">Seg\u00fan Rodr\u00edguez, con la nueva ley se redujeron beneficios que hab\u00eda con la ley anterior y esto \u201cha motivado que sea dif\u00edcil mantener las empresas y generar empleo\u201d, adem\u00e1s, la planilla tiene que estar listada en el seguro social, pero a nivel de la micro empresa \u201cno tenemos capacidad de adherirnos al seguro social\u201d.<\/a><\/p>\n<p><a href=\"https:\/\/hondudiario.com\/wp-content\/uploads\/2022\/07\/DSC_0056-scaled.jpg\">\u201cTambi\u00e9n tenemos problemas con las municipalidades ya que muchas no quieren reconocer la exoneraci\u00f3n de impuestos para la micro y peque\u00f1a empresa porque toman como referencia ciento ochenta mil lempiras de ventas anuales, lo cual no sirve ni para pagar el salario de una persona\u201d, agreg\u00f3.<\/a><\/p>\n<p><a href=\"https:\/\/hondudiario.com\/wp-content\/uploads\/2022\/07\/DSC_0056-scaled.jpg\">Finalmente, argument\u00f3 que \u201ces importante\u201d que se hagan reformas en la ley, \u201csi hay voluntad de apoyar a la micro y peque\u00f1a empresa que lo hagan con verdadera responsabilidad, que consideren que somos el que m\u00e1s genera empleo\u201d.<\/a><\/p>\n<p><strong>Fuente: La Tribuna<\/strong><\/p>\n","protected":false},"excerpt":{"rendered":"<p>Tegucigalpa,Honduras jueves 18 agosto 2022 El representante del Gremio de la Micro y Peque\u00f1a Empresa\u00a0(GREMYPE), Efra\u00edn Rodr\u00edguez, se\u00f1al\u00f3 que la Ley de Activaci\u00f3n Econ\u00f3mica que aprob\u00f3 el Congreso Nacional no ha tenido los resultados esperados. \u201cDespu\u00e9s de aprobada la ley solo se han formalizado unas ciento treinta empresas, quiere decir dos por d\u00eda, con la &hellip;<\/p>\n","protected":false},"author":0,"featured_media":26691,"comment_status":"open","ping_status":"open","sticky":false,"template":"","format":"standard","meta":{"_jetpack_memberships_contains_paid_content":false,"footnotes":""},"categories":[5],"tags":[],"class_list":["post-26690","post","type-post","status-publish","format-standard","has-post-thumbnail","","category-noticias"],"jetpack_sharing_enabled":true,"jetpack_featured_media_url":"https:\/\/mickyandoniehn.com\/radio\/wp-content\/uploads\/2022\/08\/8ad9ea8a-4b31-4dc3-ad9b-20b99d2ef1e2-2048x1366-2-cawtnV.jpeg","_links":{"self":[{"href":"https:\/\/mickyandoniehn.com\/radio\/wp-json\/wp\/v2\/posts\/26690","targetHints":{"allow":["GET"]}}],"collection":[{"href":"https:\/\/mickyandoniehn.com\/radio\/wp-json\/wp\/v2\/posts"}],"about":[{"href":"https:\/\/mickyandoniehn.com\/radio\/wp-json\/wp\/v2\/types\/post"}],"replies":[{"embeddable":true,"href":"https:\/\/mickyandoniehn.com\/radio\/wp-json\/wp\/v2\/comments?post=26690"}],"version-history":[{"count":0,"href":"https:\/\/mickyandoniehn.com\/radio\/wp-json\/wp\/v2\/posts\/26690\/revisions"}],"wp:featuredmedia":[{"embeddable":true,"href":"https:\/\/mickyandoniehn.com\/radio\/wp-json\/wp\/v2\/media\/26691"}],"wp:attachment":[{"href":"https:\/\/mickyandoniehn.com\/radio\/wp-json\/wp\/v2\/media?parent=26690"}],"wp:term":[{"taxonomy":"category","embeddable":true,"href":"https:\/\/mickyandoniehn.com\/radio\/wp-json\/wp\/v2\/categories?post=26690"},{"taxonomy":"post_tag","embeddable":true,"href":"https:\/\/mickyandoniehn.com\/radio\/wp-json\/wp\/v2\/tags?post=26690"}],"curies":[{"name":"wp","href":"https:\/\/api.w.org\/{rel}","templated":true}]}}