{"id":26639,"date":"2022-08-18T07:12:41","date_gmt":"2022-08-18T13:12:41","guid":{"rendered":"https:\/\/mickyandoniehn.com\/radio\/2022\/08\/18\/un-paco-de-lucia-infinito-vuelve-a-abrir-el-corazon-del-teatro-real\/"},"modified":"2022-08-18T07:12:41","modified_gmt":"2022-08-18T13:12:41","slug":"un-paco-de-lucia-infinito-vuelve-a-abrir-el-corazon-del-teatro-real","status":"publish","type":"post","link":"https:\/\/mickyandoniehn.com\/radio\/2022\/08\/18\/un-paco-de-lucia-infinito-vuelve-a-abrir-el-corazon-del-teatro-real\/","title":{"rendered":"Un Paco de Luc\u00eda \u00abinfinito\u00bb vuelve a abrir el coraz\u00f3n del Teatro Real"},"content":{"rendered":"<p><strong>Tegucigalpa,Honduras jueves 18 agosto 2022<\/strong><\/p>\n<\/p>\n<p>Ocho a\u00f1os ha tenido que esperar el legado de Paco de Luc\u00eda para recibir un homenaje a la altura del celebrado este s\u00e1bado en un espacio majestuoso y que tanto le debe como el Teatro Real, con parte de lo m\u00e1s granado del mundo flamenco hincando rodilla ante su figura, quebr\u00e1ndose la garganta o revent\u00e1ndose las suelas.<\/p>\n<p>John McLaughlin, Al Di Meola, Sara Baras, Miguel Poveda, Ni\u00f1a Pastori, Farruquito\u2026 M\u00e1s de una treintena de artistas con los que comparti\u00f3 carrera o a los que sirvi\u00f3 de faro para alumbrar nuevos caminos han querido participar en este evento titulado \u00abInfinito\u00bb y al que han asistido m\u00e1s de 1,700 personas, el aforo completo.<\/p>\n<p>Dos circunstancias m\u00e1s subrayaban el cariz especial de la cita: por un lado, que haya sido elegida para cerrar la sexta edici\u00f3n del Universal Music Festival y, sobre todo, que fuese la puesta de largo de la Fundaci\u00f3n Paco de Luc\u00eda, presidida por su viuda, Gabriela Canseco.<\/p>\n<p>Hab\u00eda otro aliciente, el recinto, porque en una pensi\u00f3n muy cerca del Real vivi\u00f3 de ni\u00f1o el homenajeado junto a su padre y su hermano Pepe cuando vinieron a probar suerte a Madrid como artistas, sin saber entonces que alg\u00fan d\u00eda ser\u00eda \u00e9l el primero de este g\u00e9nero que abrir\u00eda sus puertas de par en par a este arte.<\/p>\n<p>\u00ab\u00bfQu\u00e9 tiene este flamenco que se mete en todas partes?\u00bb, supon\u00eda un Paco de Luc\u00eda jocoso que podr\u00eda haber pensado Manuel de Falla de haber vivido esa gesta, teniendo en cuenta que el compositor hubo de marcharse a Par\u00eds para estrenar \u00abEl amor brujo\u00bb.<\/p>\n<p>Ha sido en uno de los muchos v\u00eddeos de recuerdo proyectados entre actuaciones en este espect\u00e1culo en el que sus compa\u00f1eros de profesi\u00f3n, a falta del apoyo institucional que sus herederos tanto han echado de menos para divulgar su legado, han puesto en valor no solo su virtuosismo al toque, sino \u00absu aportaci\u00f3n impagable a la m\u00fasica\u00bb.<\/p>\n<p>\u00abYo no me habr\u00eda dedicado a esto de no ser por \u00e9l\u00bb, ha confesado el que fuera su gran amigo Alejandro Sanz en un mensaje grabado, ausente de la cita por un concierto en La Palma.<\/p>\n<p>Arropado por siete cantaoras, Farru ha sido el encargado de abrir la velada con su zapateado hipn\u00f3tico, al que han sucedido la voz honda y elegante de Mariza y la guitarra de Josemi Carmona para explorar los puntos de encuentro con el fado, relevados despu\u00e9s por otro grande de las seis cuerdas, Antonio Rey.<\/p>\n<p>\u00abNo hay sensaci\u00f3n como la del escenario\u00bb, reflexionaba en uno de los v\u00eddeos el propio Paco de Luc\u00eda, que ha recordado asimismo c\u00f3mo su nombre art\u00edstico, un tributo a su madre, le ven\u00eda desde la infancia, cuando en su Algeciras natal distingu\u00edan a Francisco S\u00e1nchez (su nombre real) como \u00abPaco el de Luzia, la portuguesa\u00bb.<\/p>\n<p>Esos peque\u00f1os fragmentos recuperados del pasado han permitido rememorar adem\u00e1s de su magia a la guitarra que si se cobij\u00f3 tras ella fue por timidez, pues en realidad consideraba la voz \u00abel instrumento m\u00e1s humano\u00bb, entablando probablemente por ello ese gran t\u00e1ndem junto a Camar\u00f3n de la Isla.<\/p>\n<p>De grandes voces tampoco ha andado falto este homenaje, que ha contado por ejemplo con Miguel Poveda. \u00abEn este Teatro Real se le acogi\u00f3 con recelo, porque lo que entonces ignor\u00e1bamos es que ten\u00edamos en \u00e9l a nuestro Mozart o Beethoven y que, gracias a aquello, ahora otros podemos visitar los grandes teatros del mundo\u00bb, ha recordado el cantaor catal\u00e1n.<\/p>\n<p>De esa dimensi\u00f3n internacional ha hablado la presencia en esta velada por separado de dos de los iconos de la guitarra junto a los que conform\u00f3 el memorable The Guitar Trio, primero John McLaughlin apoyado por el piano y, despu\u00e9s, Al Di Meola, el hombre que hace casi 50 a\u00f1os lo introdujo en el jazz tras grabar una pieza emblem\u00e1tica como \u00abMediterranean sundance\u00bb, reinterpretada esta noche junto a Antonio S\u00e1nchez.<\/p>\n<p>Igualmente Carles Bemavent, Jorge Pardo y Pepe de Luc\u00eda han comparecido como representantes del sexteto m\u00e1s flamenco y no menos memorable con el que viaj\u00f3 por medio mundo, tambi\u00e9n a Latinoam\u00e9rica, volvi\u00e9ndose de all\u00ed con un caj\u00f3n de madera que hoy parece elemento imprescindible pero que no fue flameco hasta que \u00e9l no lo introdujo en este arte.<\/p>\n<p>Han sido en total m\u00e1s de tres horas de espect\u00e1culo que ha contado adem\u00e1s con la pasi\u00f3n de grandes bailarines como Farruquito y Sara Baras, el cante reconocible de Ni\u00f1a Pastori (\u00abTe he de querer mientras viva\u00bb) y un final de fiesta multitudinario para el que todos han vuelto al escenario a presentar sus respetos a una guitarra hu\u00e9rfana de ese \u00abgenio de los genios, que llev\u00f3 nuestro nombre por el mundo entero\u00bb.<\/p>\n<p><strong>Fuente: La Tribuna<\/strong><\/p>\n","protected":false},"excerpt":{"rendered":"<p>Tegucigalpa,Honduras jueves 18 agosto 2022 Ocho a\u00f1os ha tenido que esperar el legado de Paco de Luc\u00eda para recibir un homenaje a la altura del celebrado este s\u00e1bado en un espacio majestuoso y que tanto le debe como el Teatro Real, con parte de lo m\u00e1s granado del mundo flamenco hincando rodilla ante su figura, &hellip;<\/p>\n","protected":false},"author":0,"featured_media":26640,"comment_status":"open","ping_status":"open","sticky":false,"template":"","format":"standard","meta":{"_jetpack_memberships_contains_paid_content":false,"footnotes":""},"categories":[5],"tags":[],"class_list":["post-26639","post","type-post","status-publish","format-standard","has-post-thumbnail","","category-noticias"],"jetpack_sharing_enabled":true,"jetpack_featured_media_url":"https:\/\/mickyandoniehn.com\/radio\/wp-content\/uploads\/2022\/08\/Miguel-Poveda-696x456-1-gqnB9z.jpeg","_links":{"self":[{"href":"https:\/\/mickyandoniehn.com\/radio\/wp-json\/wp\/v2\/posts\/26639","targetHints":{"allow":["GET"]}}],"collection":[{"href":"https:\/\/mickyandoniehn.com\/radio\/wp-json\/wp\/v2\/posts"}],"about":[{"href":"https:\/\/mickyandoniehn.com\/radio\/wp-json\/wp\/v2\/types\/post"}],"replies":[{"embeddable":true,"href":"https:\/\/mickyandoniehn.com\/radio\/wp-json\/wp\/v2\/comments?post=26639"}],"version-history":[{"count":0,"href":"https:\/\/mickyandoniehn.com\/radio\/wp-json\/wp\/v2\/posts\/26639\/revisions"}],"wp:featuredmedia":[{"embeddable":true,"href":"https:\/\/mickyandoniehn.com\/radio\/wp-json\/wp\/v2\/media\/26640"}],"wp:attachment":[{"href":"https:\/\/mickyandoniehn.com\/radio\/wp-json\/wp\/v2\/media?parent=26639"}],"wp:term":[{"taxonomy":"category","embeddable":true,"href":"https:\/\/mickyandoniehn.com\/radio\/wp-json\/wp\/v2\/categories?post=26639"},{"taxonomy":"post_tag","embeddable":true,"href":"https:\/\/mickyandoniehn.com\/radio\/wp-json\/wp\/v2\/tags?post=26639"}],"curies":[{"name":"wp","href":"https:\/\/api.w.org\/{rel}","templated":true}]}}