{"id":26621,"date":"2022-08-18T07:12:37","date_gmt":"2022-08-18T13:12:37","guid":{"rendered":"https:\/\/mickyandoniehn.com\/radio\/2022\/08\/18\/cae-manufactura-en-china-tras-medidas-anticovid\/"},"modified":"2022-08-18T07:12:37","modified_gmt":"2022-08-18T13:12:37","slug":"cae-manufactura-en-china-tras-medidas-anticovid","status":"publish","type":"post","link":"https:\/\/mickyandoniehn.com\/radio\/2022\/08\/18\/cae-manufactura-en-china-tras-medidas-anticovid\/","title":{"rendered":"Cae manufactura en China tras medidas antiCOVID"},"content":{"rendered":"<p><strong>Tegucigalpa,Honduras jueves 18 agosto 2022<\/strong><\/p>\n<\/p>\n<p>La recuperaci\u00f3n del sector manufacturero chino despu\u00e9s de los confinamientos antivirus fall\u00f3 en julio, seg\u00fan un sondeo difundido el domingo, presionando m\u00e1s a la alica\u00edda econom\u00eda en un a\u00f1o pol\u00edticamente sensible, cuando el presidente Xi Jinping parece dispuesto a tratar de extender su tiempo en el poder.<\/p>\n<p>La actividad fabril estuvo deprimida por poca demanda global y controles antivirus que deprimieron el consumo, seg\u00fan la agencia nacional de estad\u00edsticas y una asociaci\u00f3n industrial oficial llamada Federaci\u00f3n China de Log\u00edstica y Compras.<\/p>\n<p>El \u00edndice recopilado por la federaci\u00f3n y la Agencia Nacional de Estad\u00edsticas baj\u00f3 de 50,2 en junio a 49 en julio, en una escala en base a 100 en que toda cifra menor a 50 indica contracci\u00f3n.<\/p>\n<p>La tabla muestra que bajaron los pedidos nuevos, las exportaciones y el empleo.<\/p>\n<p><strong>Fuente: La Tribuna<\/strong><\/p>\n","protected":false},"excerpt":{"rendered":"<p>Tegucigalpa,Honduras jueves 18 agosto 2022 La recuperaci\u00f3n del sector manufacturero chino despu\u00e9s de los confinamientos antivirus fall\u00f3 en julio, seg\u00fan un sondeo difundido el domingo, presionando m\u00e1s a la alica\u00edda econom\u00eda en un a\u00f1o pol\u00edticamente sensible, cuando el presidente Xi Jinping parece dispuesto a tratar de extender su tiempo en el poder. La actividad fabril &hellip;<\/p>\n","protected":false},"author":0,"featured_media":26622,"comment_status":"open","ping_status":"open","sticky":false,"template":"","format":"standard","meta":{"_jetpack_memberships_contains_paid_content":false,"footnotes":""},"categories":[5],"tags":[],"class_list":["post-26621","post","type-post","status-publish","format-standard","has-post-thumbnail","","category-noticias"],"jetpack_sharing_enabled":true,"jetpack_featured_media_url":"https:\/\/mickyandoniehn.com\/radio\/wp-content\/uploads\/2022\/08\/manufatura-china-1-kNo7Hn.jpeg","_links":{"self":[{"href":"https:\/\/mickyandoniehn.com\/radio\/wp-json\/wp\/v2\/posts\/26621","targetHints":{"allow":["GET"]}}],"collection":[{"href":"https:\/\/mickyandoniehn.com\/radio\/wp-json\/wp\/v2\/posts"}],"about":[{"href":"https:\/\/mickyandoniehn.com\/radio\/wp-json\/wp\/v2\/types\/post"}],"replies":[{"embeddable":true,"href":"https:\/\/mickyandoniehn.com\/radio\/wp-json\/wp\/v2\/comments?post=26621"}],"version-history":[{"count":0,"href":"https:\/\/mickyandoniehn.com\/radio\/wp-json\/wp\/v2\/posts\/26621\/revisions"}],"wp:featuredmedia":[{"embeddable":true,"href":"https:\/\/mickyandoniehn.com\/radio\/wp-json\/wp\/v2\/media\/26622"}],"wp:attachment":[{"href":"https:\/\/mickyandoniehn.com\/radio\/wp-json\/wp\/v2\/media?parent=26621"}],"wp:term":[{"taxonomy":"category","embeddable":true,"href":"https:\/\/mickyandoniehn.com\/radio\/wp-json\/wp\/v2\/categories?post=26621"},{"taxonomy":"post_tag","embeddable":true,"href":"https:\/\/mickyandoniehn.com\/radio\/wp-json\/wp\/v2\/tags?post=26621"}],"curies":[{"name":"wp","href":"https:\/\/api.w.org\/{rel}","templated":true}]}}