{"id":26617,"date":"2022-08-18T07:12:36","date_gmt":"2022-08-18T13:12:36","guid":{"rendered":"https:\/\/mickyandoniehn.com\/radio\/2022\/08\/18\/honduras-se-mantiene-invicta-en-centromericano-sub-23-de-volibol\/"},"modified":"2022-08-18T07:12:36","modified_gmt":"2022-08-18T13:12:36","slug":"honduras-se-mantiene-invicta-en-centromericano-sub-23-de-volibol","status":"publish","type":"post","link":"https:\/\/mickyandoniehn.com\/radio\/2022\/08\/18\/honduras-se-mantiene-invicta-en-centromericano-sub-23-de-volibol\/","title":{"rendered":"Honduras se mantiene invicta en centromericano sub-23 de volibol"},"content":{"rendered":"<p><strong>Tegucigalpa,Honduras jueves 18 agosto 2022<\/strong><\/p>\n<\/p>\n<p>La Selecci\u00f3n Sub-23 de voliebol de Honduras se mantiene invicta en el Centroamericano\u00a0 que se disputa en el gimnasio Jorge Galeano del Complejo Deportivo Jos\u00e9 Sim\u00f3n Azcona Hoyo al vencer anoche 3-0 a su similar de Panam\u00e1 con parciales de (25-10), (25-12) y (25-14).<\/p>\n<p>La representaci\u00f3n hondure\u00f1a cont\u00f3 con la destacada participaci\u00f3n\u00a0 de Andrea Aceituno como su mejor arma ofensiva con 11 puntos, m\u00e1s 10 de Nathaly P\u00e9rez.<\/p>\n<p><strong>Fuente: La Tribuna<\/strong><\/p>\n","protected":false},"excerpt":{"rendered":"<p>Tegucigalpa,Honduras jueves 18 agosto 2022 La Selecci\u00f3n Sub-23 de voliebol de Honduras se mantiene invicta en el Centroamericano\u00a0 que se disputa en el gimnasio Jorge Galeano del Complejo Deportivo Jos\u00e9 Sim\u00f3n Azcona Hoyo al vencer anoche 3-0 a su similar de Panam\u00e1 con parciales de (25-10), (25-12) y (25-14). La representaci\u00f3n hondure\u00f1a cont\u00f3 con la &hellip;<\/p>\n","protected":false},"author":0,"featured_media":26618,"comment_status":"open","ping_status":"open","sticky":false,"template":"","format":"standard","meta":{"_jetpack_memberships_contains_paid_content":false,"footnotes":""},"categories":[5],"tags":[],"class_list":["post-26617","post","type-post","status-publish","format-standard","has-post-thumbnail","","category-noticias"],"jetpack_sharing_enabled":true,"jetpack_featured_media_url":"https:\/\/mickyandoniehn.com\/radio\/wp-content\/uploads\/2022\/08\/Seleccion-honduras-volivil-FiHpSS.jpeg","_links":{"self":[{"href":"https:\/\/mickyandoniehn.com\/radio\/wp-json\/wp\/v2\/posts\/26617","targetHints":{"allow":["GET"]}}],"collection":[{"href":"https:\/\/mickyandoniehn.com\/radio\/wp-json\/wp\/v2\/posts"}],"about":[{"href":"https:\/\/mickyandoniehn.com\/radio\/wp-json\/wp\/v2\/types\/post"}],"replies":[{"embeddable":true,"href":"https:\/\/mickyandoniehn.com\/radio\/wp-json\/wp\/v2\/comments?post=26617"}],"version-history":[{"count":0,"href":"https:\/\/mickyandoniehn.com\/radio\/wp-json\/wp\/v2\/posts\/26617\/revisions"}],"wp:featuredmedia":[{"embeddable":true,"href":"https:\/\/mickyandoniehn.com\/radio\/wp-json\/wp\/v2\/media\/26618"}],"wp:attachment":[{"href":"https:\/\/mickyandoniehn.com\/radio\/wp-json\/wp\/v2\/media?parent=26617"}],"wp:term":[{"taxonomy":"category","embeddable":true,"href":"https:\/\/mickyandoniehn.com\/radio\/wp-json\/wp\/v2\/categories?post=26617"},{"taxonomy":"post_tag","embeddable":true,"href":"https:\/\/mickyandoniehn.com\/radio\/wp-json\/wp\/v2\/tags?post=26617"}],"curies":[{"name":"wp","href":"https:\/\/api.w.org\/{rel}","templated":true}]}}