{"id":26615,"date":"2022-08-18T06:12:41","date_gmt":"2022-08-18T12:12:41","guid":{"rendered":"http:\/\/mickyandoniehn.com\/radio\/2022\/08\/18\/villoro-un-peso-completo-de-la-literatura-con-edad-intelectual-de-13-anos\/"},"modified":"2022-08-18T06:12:41","modified_gmt":"2022-08-18T12:12:41","slug":"villoro-un-peso-completo-de-la-literatura-con-edad-intelectual-de-13-anos","status":"publish","type":"post","link":"https:\/\/mickyandoniehn.com\/radio\/2022\/08\/18\/villoro-un-peso-completo-de-la-literatura-con-edad-intelectual-de-13-anos\/","title":{"rendered":"Villoro, un peso completo de la literatura con edad intelectual de 13 a\u00f1os"},"content":{"rendered":"<p><strong>Tegucigalpa,Honduras jueves 18 agosto 2022<\/strong><\/p>\n<\/p>\n<p>A los 65 a\u00f1os, el escritor mexicano Juan Villoro interpreta la buena aceptaci\u00f3n de sus novelas infantiles protagonizadas por el profesor Z\u00edper como una muestra de que tal vez su verdadera edad intelectual es la de un adolescente.<\/p>\n<p>\u201cLos libros del profesor Z\u00edper me han hecho acercarme a un p\u00fablico m\u00e1s amplio que el de mis libros para adultos, lo cual probablemente revela que mi edad intelectual es como de 13 a\u00f1os\u201d, asegur\u00f3 el novelista este domingo en una entrevista a Efe.<\/p>\n<p>Villoro acaba de publicar la cuarta entrega de la saga, \u201cEl profesor Z\u00edper y las palabras perdidas\u201d, una historia editada por el Fondo de Cultura Econ\u00f3mica en la que las palabras comienzan a desaparecer por artima\u00f1as de la perversa Academia de Control.<\/p>\n<p>\u201cEste libro tiene que ver con los desaf\u00edos del lenguaje, qui\u00e9n es su propietario, c\u00f3mo se transforma, qu\u00e9 fuerza rebelde pueden tener las palabras, cu\u00e1l es la importancia de los poetas, en qu\u00e9 medida la vanidad y la ambici\u00f3n intelectual pueden perjudicar a una persona, aunque se trate de una gente erudita\u201d, explica el novelista.<\/p>\n<p>Villoro reconoce que todos esos temas coinciden con sus preocupaciones en el oficio de escribir y la historia de corte infantil es un dispositivo para transmitirla de manera divertida.<\/p>\n<p>\u201cEn la literatura para adultos puedes ser ajeno a qui\u00e9n te va a leer; no piensas si es cat\u00f3lico, protestante o agn\u00f3stico, de izquierda o de derecha, de provincia o de la capital. Escribes en abstracto; pero cuando lo haces para ni\u00f1os, lo primero es entrar en tu personaje\u201d, cuenta.<\/p>\n<p>Aunque reconoce que todo empieza por respetar al lector, el novelista asume la escritura c\u00f3mo un atajo para tambi\u00e9n ser \u00e9l un poco juguet\u00f3n. La asume de manera l\u00fadica, como sucede en su nueva obra, en la cual aparecen como personajes sus amigos Francisco Hinojosa, escritor para j\u00f3venes, y Rafael Barajas, caricaturista conocido como El Fisg\u00f3n.<\/p>\n<p>La desaparici\u00f3n de palabras como libertad, energ\u00eda, imaginaci\u00f3n y ciencia, por obra de la Academia, causan inquietud y tras un veto al entra\u00f1able maestro Bernardo Banfi, los ni\u00f1os Julia, Alex y Asdr\u00fabal buscan al profesor Z\u00edper para que los ayude con uno de sus inventos.<\/p>\n<p>Viven los chicos inesperadas aventuras, la m\u00e1s emocionante cuando Z\u00edper les busca m\u00e1scaras de los poetas Pablo Neruda, Gabriela Mistral y Octavio Paz, galardonados con el Premio Nobel, con cuyos rostros entran a la sede de los controladores del idioma y salvan las palabras.<\/p>\n<p>\u201cLa poes\u00eda es la forma m\u00e1s alta del lenguaje y quienes escribimos en otros g\u00e9neros, podemos ser carteros de los poetas; quise introducir a tres grandes maestros de la l\u00edrica latinoamericana, Neruda, Mistral y Paz y para solucionar un misterio. Me pareci\u00f3 interesante que los ni\u00f1os sustituyeran a los poetas\u201d, revela.<\/p>\n<h2><strong>Mensajes como p\u00edldoras<\/strong><\/h2>\n<p>La primera vez que Juan Villoro escribi\u00f3 para ni\u00f1os fue a mediados de los a\u00f1os 80, con el volumen \u201cLas golosinas secretas\u201d. Entonces pens\u00f3 que la literatura para ni\u00f1os ser\u00eda un descanso, como jugar damas chinas despu\u00e9s de haber jugado ajedrez, pero pronto se percat\u00f3 de la complejidad de la mente infantil.<\/p>\n<p>\u201cLos ni\u00f1os tienen reglas propias; la imaginaci\u00f3n infantil es muy barroca, est\u00e1 abierta a est\u00edmulos variados, pero al mismo tiempo busca la l\u00f3gica. Los ni\u00f1os, cuando est\u00e1n concentrados jugando tienen una seriedad extrema y entend\u00ed que la literatura para ni\u00f1os era un reto superior a lo que yo hab\u00eda pensado\u201d, agrega.<\/p>\n<p>Como peque\u00f1as p\u00edldoras, el libro nuevo tiene mensajes de temas en los que Villoro est\u00e1 interesado: la amistad, el feminismo, la solidaridad y a lectura.<\/p>\n<p>Adem\u00e1s de Hinojosa, Neruda, Mistral y Paz, en \u201cEl profesor Z\u00edper y las palabras perdidas\u201d hay homenajes a otros escritores, como al director de la Academia Mexicana de la Lengua, Gonzalo Celorio, la otra cara de los de la Academia de Control; al poeta nicarag\u00fcense Rub\u00e9n Dar\u00edo y al espa\u00f1ol Ram\u00f3n G\u00f3mez de la Serna, entre otros.<\/p>\n<p>En estos tiempos en los que la ortograf\u00eda sufre en las redes sociales, donde mucha gente reparte acentos con anarqu\u00eda de fuegos artificiales, Villoro defiende la labor de los diccionarios y las academias, aunque lleva la bandera de la libertad del idioma.<\/p>\n<p>\u201cEn los chats de whatsapp las palabras se enfrentan en un campo de batalla; unas llegan tildadas; otras vendadas; otras heridas. Eso es una destrucci\u00f3n de la lengua y a nadie le importa, pero en otras zonas el lenguaje me parece que debe responder a normas comunes porque sino acabar\u00edamos en una torre de Babel; en ese sentido es importante la Academia de la lengua\u201d, asegura.<\/p>\n<p>Considerado un peso completo de la literatura en espa\u00f1ol, Juan Villoro va por la vida sin un nieto. Sustituye esa carencia con el ardid de escribir como un abuelo c\u00e1lido, un se\u00f1or contador de historias a miles de ni\u00f1os que lo reconocen como un compa\u00f1ero de la misma edad intelectual.<\/p>\n<p><strong>Fuente: La Tribuna<\/strong><\/p>\n","protected":false},"excerpt":{"rendered":"<p>Tegucigalpa,Honduras jueves 18 agosto 2022 A los 65 a\u00f1os, el escritor mexicano Juan Villoro interpreta la buena aceptaci\u00f3n de sus novelas infantiles protagonizadas por el profesor Z\u00edper como una muestra de que tal vez su verdadera edad intelectual es la de un adolescente. \u201cLos libros del profesor Z\u00edper me han hecho acercarme a un p\u00fablico &hellip;<\/p>\n","protected":false},"author":0,"featured_media":26616,"comment_status":"open","ping_status":"open","sticky":false,"template":"","format":"standard","meta":{"_jetpack_memberships_contains_paid_content":false,"footnotes":""},"categories":[5],"tags":[],"class_list":["post-26615","post","type-post","status-publish","format-standard","has-post-thumbnail","","category-noticias"],"jetpack_sharing_enabled":true,"jetpack_featured_media_url":"https:\/\/mickyandoniehn.com\/radio\/wp-content\/uploads\/2022\/08\/Juan-Villoro-696x431-1-d9Hw9m.jpeg","_links":{"self":[{"href":"https:\/\/mickyandoniehn.com\/radio\/wp-json\/wp\/v2\/posts\/26615","targetHints":{"allow":["GET"]}}],"collection":[{"href":"https:\/\/mickyandoniehn.com\/radio\/wp-json\/wp\/v2\/posts"}],"about":[{"href":"https:\/\/mickyandoniehn.com\/radio\/wp-json\/wp\/v2\/types\/post"}],"replies":[{"embeddable":true,"href":"https:\/\/mickyandoniehn.com\/radio\/wp-json\/wp\/v2\/comments?post=26615"}],"version-history":[{"count":0,"href":"https:\/\/mickyandoniehn.com\/radio\/wp-json\/wp\/v2\/posts\/26615\/revisions"}],"wp:featuredmedia":[{"embeddable":true,"href":"https:\/\/mickyandoniehn.com\/radio\/wp-json\/wp\/v2\/media\/26616"}],"wp:attachment":[{"href":"https:\/\/mickyandoniehn.com\/radio\/wp-json\/wp\/v2\/media?parent=26615"}],"wp:term":[{"taxonomy":"category","embeddable":true,"href":"https:\/\/mickyandoniehn.com\/radio\/wp-json\/wp\/v2\/categories?post=26615"},{"taxonomy":"post_tag","embeddable":true,"href":"https:\/\/mickyandoniehn.com\/radio\/wp-json\/wp\/v2\/tags?post=26615"}],"curies":[{"name":"wp","href":"https:\/\/api.w.org\/{rel}","templated":true}]}}