{"id":26607,"date":"2022-08-17T11:12:34","date_gmt":"2022-08-17T17:12:34","guid":{"rendered":"http:\/\/mickyandoniehn.com\/radio\/2022\/08\/17\/hondurenos-luis-lopez-y-christopher-diaz-presentes-en-tour-panama-2022\/"},"modified":"2022-08-17T11:12:34","modified_gmt":"2022-08-17T17:12:34","slug":"hondurenos-luis-lopez-y-christopher-diaz-presentes-en-tour-panama-2022","status":"publish","type":"post","link":"https:\/\/mickyandoniehn.com\/radio\/2022\/08\/17\/hondurenos-luis-lopez-y-christopher-diaz-presentes-en-tour-panama-2022\/","title":{"rendered":"Hondure\u00f1os Luis L\u00f3pez y Christopher D\u00edaz, presentes en Tour Panam\u00e1 2022"},"content":{"rendered":"<\/p>\n<div class=\"mvp-post-soc-wrap left relative\"><\/div>\n<div class=\"mvp-post-soc-in\">\n<div class=\"left relative\">\n<div class=\"left relative\">\n<div class=\"left relative\">\n<p>El equipo de ciclismo guatemalteco \u00d3pticas Deluxe, en conferencia de prensa confirm\u00f3 su participaci\u00f3n en una nueva edici\u00f3n del Tour Panam\u00e1 y tambi\u00e9n el equipo aprovech\u00f3 para presentar la n\u00f3mina que viaja a tierras canaleras.<\/p>\n<p>Dentro de la elegaci\u00f3n se encuentra el corredor elite Luis L\u00f3pez, que va como l\u00edder del equipo y favorito para estar dentro de la pelea del tour, pero adem\u00e1s est\u00e1 el corredor sub-23 Christopher D\u00edaz, que sigue sumando experiencia y cumpliendo objetivos que le han permitido poder ser tomado en cuenta para ir a tan gran evento de la regi\u00f3n.<\/p>\n<p>El Tour Panam\u00e1 se disputa del 21 al 28 de agosto en 7 etapas con la participaci\u00f3n de 29 equipos y la representaci\u00f3n de 13 pa\u00edses.<\/p>\n<p>L\u00f3pez y D\u00edaz ya han tenido la oportunidad de correr en esta competencia, as\u00ed que ya saben cu\u00e1l podr\u00eda ser el ritmo que tendr\u00e1n durante los pr\u00f3ximos d\u00edas.\u00a0<strong>(GG\/La Baika)<\/strong><\/p>\n<p><strong>Fuente: diariomas.hn<\/strong><\/p>\n<\/div>\n<\/div>\n<\/div>\n<\/div>\n","protected":false},"excerpt":{"rendered":"<p>El equipo de ciclismo guatemalteco \u00d3pticas Deluxe, en conferencia de prensa confirm\u00f3 su participaci\u00f3n en una nueva edici\u00f3n del Tour Panam\u00e1 y tambi\u00e9n el equipo aprovech\u00f3 para presentar la n\u00f3mina que viaja a tierras canaleras. Dentro de la elegaci\u00f3n se encuentra el corredor elite Luis L\u00f3pez, que va como l\u00edder del equipo y favorito para &hellip;<\/p>\n","protected":false},"author":0,"featured_media":26608,"comment_status":"open","ping_status":"open","sticky":false,"template":"","format":"standard","meta":{"_jetpack_memberships_contains_paid_content":false,"footnotes":""},"categories":[5],"tags":[],"class_list":["post-26607","post","type-post","status-publish","format-standard","has-post-thumbnail","","category-noticias"],"jetpack_sharing_enabled":true,"jetpack_featured_media_url":"https:\/\/mickyandoniehn.com\/radio\/wp-content\/uploads\/2022\/08\/club-ciclismo-deluxe-e1660711435253-bDBCXw.jpeg","_links":{"self":[{"href":"https:\/\/mickyandoniehn.com\/radio\/wp-json\/wp\/v2\/posts\/26607","targetHints":{"allow":["GET"]}}],"collection":[{"href":"https:\/\/mickyandoniehn.com\/radio\/wp-json\/wp\/v2\/posts"}],"about":[{"href":"https:\/\/mickyandoniehn.com\/radio\/wp-json\/wp\/v2\/types\/post"}],"replies":[{"embeddable":true,"href":"https:\/\/mickyandoniehn.com\/radio\/wp-json\/wp\/v2\/comments?post=26607"}],"version-history":[{"count":0,"href":"https:\/\/mickyandoniehn.com\/radio\/wp-json\/wp\/v2\/posts\/26607\/revisions"}],"wp:featuredmedia":[{"embeddable":true,"href":"https:\/\/mickyandoniehn.com\/radio\/wp-json\/wp\/v2\/media\/26608"}],"wp:attachment":[{"href":"https:\/\/mickyandoniehn.com\/radio\/wp-json\/wp\/v2\/media?parent=26607"}],"wp:term":[{"taxonomy":"category","embeddable":true,"href":"https:\/\/mickyandoniehn.com\/radio\/wp-json\/wp\/v2\/categories?post=26607"},{"taxonomy":"post_tag","embeddable":true,"href":"https:\/\/mickyandoniehn.com\/radio\/wp-json\/wp\/v2\/tags?post=26607"}],"curies":[{"name":"wp","href":"https:\/\/api.w.org\/{rel}","templated":true}]}}