{"id":26530,"date":"2022-08-17T07:13:25","date_gmt":"2022-08-17T13:13:25","guid":{"rendered":"http:\/\/mickyandoniehn.com\/radio\/2022\/08\/17\/17-de-agosto-dia-mundial-del-peaton\/"},"modified":"2022-08-17T07:13:25","modified_gmt":"2022-08-17T13:13:25","slug":"17-de-agosto-dia-mundial-del-peaton","status":"publish","type":"post","link":"https:\/\/mickyandoniehn.com\/radio\/2022\/08\/17\/17-de-agosto-dia-mundial-del-peaton\/","title":{"rendered":"17 de agosto: D\u00eda Mundial del Peat\u00f3n"},"content":{"rendered":"<p>En el a\u00f1o 1897 fue atropellada la primera persona en el mundo, en Inglaterra, y desde esa fecha se conmemora cada 17 de agosto el D\u00eda Mundial del Peat\u00f3n.<\/p>\n<p>El objetivo es concientizar sobre los derechos del peat\u00f3n, como tambi\u00e9n recalcar la importancia que revisten todas las leyes viales.<br \/>\n.<br \/>\nAlgunas recomendaciones b\u00e1sicas a tener en cuenta, tanto por caminantes como por conductores, de distintos tipos de veh\u00edculos es que los peatones circulen siempre por la vereda, alejados del cord\u00f3n, evitar el uso de dispositivos electr\u00f3nicos -que producen distracciones-, cruzar siempre por las sendas peatonales y mirar en ambas direcciones antes de atravesar una calle, avenida o cruce ferroviario, entro otras.<\/p>\n<p>Fuente:\u00a0centediario.com<\/p>\n","protected":false},"excerpt":{"rendered":"<p>En el a\u00f1o 1897 fue atropellada la primera persona en el mundo, en Inglaterra, y desde esa fecha se conmemora cada 17 de agosto el D\u00eda Mundial del Peat\u00f3n. El objetivo es concientizar sobre los derechos del peat\u00f3n, como tambi\u00e9n recalcar la importancia que revisten todas las leyes viales. . Algunas recomendaciones b\u00e1sicas a tener &hellip;<\/p>\n","protected":false},"author":0,"featured_media":0,"comment_status":"open","ping_status":"open","sticky":false,"template":"","format":"standard","meta":{"_jetpack_memberships_contains_paid_content":false,"footnotes":""},"categories":[5],"tags":[],"class_list":["post-26530","post","type-post","status-publish","format-standard","","category-noticias"],"jetpack_sharing_enabled":true,"jetpack_featured_media_url":"","_links":{"self":[{"href":"https:\/\/mickyandoniehn.com\/radio\/wp-json\/wp\/v2\/posts\/26530","targetHints":{"allow":["GET"]}}],"collection":[{"href":"https:\/\/mickyandoniehn.com\/radio\/wp-json\/wp\/v2\/posts"}],"about":[{"href":"https:\/\/mickyandoniehn.com\/radio\/wp-json\/wp\/v2\/types\/post"}],"replies":[{"embeddable":true,"href":"https:\/\/mickyandoniehn.com\/radio\/wp-json\/wp\/v2\/comments?post=26530"}],"version-history":[{"count":0,"href":"https:\/\/mickyandoniehn.com\/radio\/wp-json\/wp\/v2\/posts\/26530\/revisions"}],"wp:attachment":[{"href":"https:\/\/mickyandoniehn.com\/radio\/wp-json\/wp\/v2\/media?parent=26530"}],"wp:term":[{"taxonomy":"category","embeddable":true,"href":"https:\/\/mickyandoniehn.com\/radio\/wp-json\/wp\/v2\/categories?post=26530"},{"taxonomy":"post_tag","embeddable":true,"href":"https:\/\/mickyandoniehn.com\/radio\/wp-json\/wp\/v2\/tags?post=26530"}],"curies":[{"name":"wp","href":"https:\/\/api.w.org\/{rel}","templated":true}]}}