{"id":26528,"date":"2022-08-17T07:13:24","date_gmt":"2022-08-17T13:13:24","guid":{"rendered":"http:\/\/mickyandoniehn.com\/radio\/2022\/08\/17\/la-historia-del-mundo-y-honduras-622\/"},"modified":"2022-08-17T07:13:24","modified_gmt":"2022-08-17T13:13:24","slug":"la-historia-del-mundo-y-honduras-622","status":"publish","type":"post","link":"https:\/\/mickyandoniehn.com\/radio\/2022\/08\/17\/la-historia-del-mundo-y-honduras-622\/","title":{"rendered":"La Historia del Mundo y Honduras"},"content":{"rendered":"<\/p>\n<p>17.AGO.1828<br \/>\nNaci\u00f3 Mar\u00eda Deraismes<\/p>\n<p>Mar\u00eda Deraismes naci\u00f3 el 17 de agosto de 1828 y falleci\u00f3 el 6 de febrero de 1894, Ciudadana francesa autora y pionera de los Derechos de la Mujer. Se hizo activista en la promoci\u00f3n de los Derechos de la Mujer y, en 1866, se uni\u00f3 a la Soci\u00e9t\u00e9 de la revendication des droits de la femme, una organizaci\u00f3n feminista de vanguardia que promov\u00eda la causa de la educaci\u00f3n para las mujeres. En 1869, ella fund\u00f3 L Association pour le droit des femmes junto con Leon Richer. Bajo el Imperio de Napole\u00f3n III, comprendi\u00f3 que la nueva pol\u00edtica del d\u00eda pretend\u00eda un acercamiento m\u00e1s moderado bajo la Tercer Rep\u00fablica a fin de que el feminismo sobreviviera y no fuera marginado por la nueva casta de representantes del poder masculino que emerg\u00edan en ese entonces. El trabajo de Deraismes le trajo el reconocimiento en el Reino Unido y una gran influencia sobre los activistas Americanos como Elizabeth Cady Stanton; a quien conoci\u00f3 en Par\u00eds en 1882 siguiendo a Deraismes en su afiliaci\u00f3n como miembro de la Masoner\u00eda. Para honrar su memoria, una calle de Par\u00eds fue nombrada para ella y una estatua fue erigida en un parque peque\u00f1o. La plaza principal de la ciudad de St. Nazaire tambi\u00e9n fue nombrada en su honor<\/p>\n","protected":false},"excerpt":{"rendered":"<p>17.AGO.1828 Naci\u00f3 Mar\u00eda Deraismes Mar\u00eda Deraismes naci\u00f3 el 17 de agosto de 1828 y falleci\u00f3 el 6 de febrero de 1894, Ciudadana francesa autora y pionera de los Derechos de la Mujer. Se hizo activista en la promoci\u00f3n de los Derechos de la Mujer y, en 1866, se uni\u00f3 a la Soci\u00e9t\u00e9 de la revendication &hellip;<\/p>\n","protected":false},"author":0,"featured_media":26529,"comment_status":"open","ping_status":"open","sticky":false,"template":"","format":"standard","meta":{"_jetpack_memberships_contains_paid_content":false,"footnotes":""},"categories":[5],"tags":[],"class_list":["post-26528","post","type-post","status-publish","format-standard","has-post-thumbnail","","category-noticias"],"jetpack_sharing_enabled":true,"jetpack_featured_media_url":"https:\/\/mickyandoniehn.com\/radio\/wp-content\/uploads\/2022\/08\/17-de-Agosto-1828-NaciC3B3-MarC3ADa-Deraismes-BUXxI2.jpeg","_links":{"self":[{"href":"https:\/\/mickyandoniehn.com\/radio\/wp-json\/wp\/v2\/posts\/26528","targetHints":{"allow":["GET"]}}],"collection":[{"href":"https:\/\/mickyandoniehn.com\/radio\/wp-json\/wp\/v2\/posts"}],"about":[{"href":"https:\/\/mickyandoniehn.com\/radio\/wp-json\/wp\/v2\/types\/post"}],"replies":[{"embeddable":true,"href":"https:\/\/mickyandoniehn.com\/radio\/wp-json\/wp\/v2\/comments?post=26528"}],"version-history":[{"count":0,"href":"https:\/\/mickyandoniehn.com\/radio\/wp-json\/wp\/v2\/posts\/26528\/revisions"}],"wp:featuredmedia":[{"embeddable":true,"href":"https:\/\/mickyandoniehn.com\/radio\/wp-json\/wp\/v2\/media\/26529"}],"wp:attachment":[{"href":"https:\/\/mickyandoniehn.com\/radio\/wp-json\/wp\/v2\/media?parent=26528"}],"wp:term":[{"taxonomy":"category","embeddable":true,"href":"https:\/\/mickyandoniehn.com\/radio\/wp-json\/wp\/v2\/categories?post=26528"},{"taxonomy":"post_tag","embeddable":true,"href":"https:\/\/mickyandoniehn.com\/radio\/wp-json\/wp\/v2\/tags?post=26528"}],"curies":[{"name":"wp","href":"https:\/\/api.w.org\/{rel}","templated":true}]}}