{"id":26518,"date":"2022-08-17T07:13:20","date_gmt":"2022-08-17T13:13:20","guid":{"rendered":"http:\/\/mickyandoniehn.com\/radio\/2022\/08\/17\/la-historia-del-mundo-y-honduras-617\/"},"modified":"2022-08-17T07:13:20","modified_gmt":"2022-08-17T13:13:20","slug":"la-historia-del-mundo-y-honduras-617","status":"publish","type":"post","link":"https:\/\/mickyandoniehn.com\/radio\/2022\/08\/17\/la-historia-del-mundo-y-honduras-617\/","title":{"rendered":"La Historia del Mundo y Honduras"},"content":{"rendered":"<\/p>\n<p>17.AGO.1899<br \/>\nSe inicia en Colombia la \u00abGuerra de los mil d\u00edas\u00bb<\/p>\n<p>Comienza la guerra civil que enfrentara a los liberales y conservadores colombianos en una penosa y sangrienta contienda. El triunfo del candidato conservador en las elecciones de 1899 provoc\u00f3 el descontento de los liberales, que acusaron a sus rivales de fraude. El 24 de octubre siguiente se produce el primer enfrentamiento en la Batalla de los Obispos, en la cual son derrotados los liberales. En el combate de Peralonso sucedido el 15 de diciembre triunfan los liberales, pero son derrotados nuevamente en Palonegro, entre el 11 y el 25 de mayo de 1900. Para ese momento la lucha entre los bandos se traslada a cada ciudad y pueblo. Se suceden los asesinatos, las represalias y el \u00e9xodo de la poblaci\u00f3n que huye de la violencia. El 21 de noviembre de 1902 ambos bandos firman un acuerdo de paz a bordo del buque norteamericano Wisconsin. La guerra provoca m\u00e1s de 100.000 muertes, incontables quebrantos econ\u00f3micos y la p\u00e9rdida de la provincia de Panam\u00e1, que aprovecha la crisis de posguerra civil para independizarse con apoyo de los Estados Unidos el 3 de noviembre de 1903.<\/p>\n","protected":false},"excerpt":{"rendered":"<p>17.AGO.1899 Se inicia en Colombia la \u00abGuerra de los mil d\u00edas\u00bb Comienza la guerra civil que enfrentara a los liberales y conservadores colombianos en una penosa y sangrienta contienda. El triunfo del candidato conservador en las elecciones de 1899 provoc\u00f3 el descontento de los liberales, que acusaron a sus rivales de fraude. El 24 de &hellip;<\/p>\n","protected":false},"author":0,"featured_media":26519,"comment_status":"open","ping_status":"open","sticky":false,"template":"","format":"standard","meta":{"_jetpack_memberships_contains_paid_content":false,"footnotes":""},"categories":[5],"tags":[],"class_list":["post-26518","post","type-post","status-publish","format-standard","has-post-thumbnail","","category-noticias"],"jetpack_sharing_enabled":true,"jetpack_featured_media_url":"https:\/\/mickyandoniehn.com\/radio\/wp-content\/uploads\/2022\/08\/17-de-Agosto-1899-Se-inicia-en-Colombia-la-Guerra-de-los-mil-dC3ADas-vufngD.jpeg","_links":{"self":[{"href":"https:\/\/mickyandoniehn.com\/radio\/wp-json\/wp\/v2\/posts\/26518","targetHints":{"allow":["GET"]}}],"collection":[{"href":"https:\/\/mickyandoniehn.com\/radio\/wp-json\/wp\/v2\/posts"}],"about":[{"href":"https:\/\/mickyandoniehn.com\/radio\/wp-json\/wp\/v2\/types\/post"}],"replies":[{"embeddable":true,"href":"https:\/\/mickyandoniehn.com\/radio\/wp-json\/wp\/v2\/comments?post=26518"}],"version-history":[{"count":0,"href":"https:\/\/mickyandoniehn.com\/radio\/wp-json\/wp\/v2\/posts\/26518\/revisions"}],"wp:featuredmedia":[{"embeddable":true,"href":"https:\/\/mickyandoniehn.com\/radio\/wp-json\/wp\/v2\/media\/26519"}],"wp:attachment":[{"href":"https:\/\/mickyandoniehn.com\/radio\/wp-json\/wp\/v2\/media?parent=26518"}],"wp:term":[{"taxonomy":"category","embeddable":true,"href":"https:\/\/mickyandoniehn.com\/radio\/wp-json\/wp\/v2\/categories?post=26518"},{"taxonomy":"post_tag","embeddable":true,"href":"https:\/\/mickyandoniehn.com\/radio\/wp-json\/wp\/v2\/tags?post=26518"}],"curies":[{"name":"wp","href":"https:\/\/api.w.org\/{rel}","templated":true}]}}