{"id":26506,"date":"2022-08-17T07:13:18","date_gmt":"2022-08-17T13:13:18","guid":{"rendered":"http:\/\/mickyandoniehn.com\/radio\/2022\/08\/17\/los-infectados-con-la-covid-original-tuvieron-mas-sintomas-y-mas-persistentes\/"},"modified":"2022-08-17T07:13:18","modified_gmt":"2022-08-17T13:13:18","slug":"los-infectados-con-la-covid-original-tuvieron-mas-sintomas-y-mas-persistentes","status":"publish","type":"post","link":"https:\/\/mickyandoniehn.com\/radio\/2022\/08\/17\/los-infectados-con-la-covid-original-tuvieron-mas-sintomas-y-mas-persistentes\/","title":{"rendered":"Los infectados con la covid original tuvieron m\u00e1s s\u00edntomas y m\u00e1s persistentes"},"content":{"rendered":"<p><strong>Tegucigalpa,Honduras mi\u00e9rcoles 17 agosto 2022<\/strong><\/p>\n<\/p>\n<p>Las personas infectadas con la cepa original del SARS-Cov-2 tuvieron m\u00e1s s\u00edntomas durante la fase aguda de la enfermedad y fueron m\u00e1s persistente en comparaci\u00f3n con quienes enfermaron con las variantes posteriores, indica un estudio de investigadores espa\u00f1oles.<\/p>\n<p>La investigaci\u00f3n, que se publica en Pathogens y que firman, entre otros, las universidades Rey Juan Carlos y Complutense de Madrid y la de Valencia, ha comparado los s\u00edntomas durante la fase aguda y a los seis meses de la infecci\u00f3n con las variantes Wuhan, alfa y delta del coronavirus.<\/p>\n<p>El s\u00edntoma persistente m\u00e1s com\u00fan en todas las variantes del virus fue la fatiga, indica el estudio, que revis\u00f3 los datos de 200 pacientes durante la hospitalizaci\u00f3n y a los seis meses se les hizo un seguimiento telef\u00f3nico.<\/p>\n<p>\u201cAl mantenerse constante a trav\u00e9s de las variantes, (la fatiga) puede ser uno de los criterios cl\u00ednicos clave para la definici\u00f3n de esta enfermedad\u201d, aunque la gran cantidad de s\u00edntomas asociados a la covid-19 \u201ccomplica establecer un \u00fanico criterio diagn\u00f3stico\u201d, seg\u00fan C\u00e9sar Fern\u00e1ndez de las Pe\u00f1as, de la Universidad Rey Juan Carlos.<\/p>\n<p>La cepa original de la covid-19, originada en la ciudad china de Wuhan, tuvo m\u00e1s s\u00edntomas persistentes, que siguen una potencial tendencia descendente conforme aparecen distintas variantes de la enfermedad y la progresiva vacunaci\u00f3n,<\/p>\n<p>Los pacientes infectados con esa variante tuvieron de media m\u00e1s s\u00edntomas en la fase aguda de la enfermedad y los m\u00e1s frecuentes fueron fiebre, disnea y s\u00edntomas gastrointestinaless.<\/p>\n<p>Los infectados con la variante delta, sin embargo, sufrieron con m\u00e1s frecuencia de cefalea y anosmia (p\u00e9rdida de olfato).<\/p>\n<p>En cuanto a los s\u00edntomas persistentes una vez abandonado el hospital, aunque la fatiga fue el m\u00e1s reportado, existieron m\u00faltiples s\u00edntomas con todas las variantes del virus.<\/p>\n<p>Los infectados con la variante de Wuhan ten\u00edan m\u00e1s s\u00edntomas persistentes (tres frente a dos del resto de variantes) y la disnea fue el m\u00e1s frecuente. Los pacientes de la delta, por su parte, reportaron m\u00e1s alopecia.<\/p>\n<p>\u201cParece que la incidencia de la covid persistente puede ser menor conforme pasa el tiempo y ante la presencia de nuevas variantes como \u00f3micron, probablemente condicionado por la vacunaci\u00f3n, pero sigue siendo un problema grave dado el gran n\u00famero de contagios que ocurren\u201d, seg\u00fan Juan Torres Macho, de la Universidad Complutense.<\/p>\n<p>En el estudio tambi\u00e9n participaron los hospitales Cl\u00ednico San Carlos e Infanta Leonor (Madrid) y la Universidad de Aalborg (Dinamarca).<\/p>\n<p><strong>Fuente: La Tribuna<\/strong><\/p>\n","protected":false},"excerpt":{"rendered":"<p>Tegucigalpa,Honduras mi\u00e9rcoles 17 agosto 2022 Las personas infectadas con la cepa original del SARS-Cov-2 tuvieron m\u00e1s s\u00edntomas durante la fase aguda de la enfermedad y fueron m\u00e1s persistente en comparaci\u00f3n con quienes enfermaron con las variantes posteriores, indica un estudio de investigadores espa\u00f1oles. La investigaci\u00f3n, que se publica en Pathogens y que firman, entre otros, &hellip;<\/p>\n","protected":false},"author":0,"featured_media":26507,"comment_status":"open","ping_status":"open","sticky":false,"template":"","format":"standard","meta":{"_jetpack_memberships_contains_paid_content":false,"footnotes":""},"categories":[5],"tags":[],"class_list":["post-26506","post","type-post","status-publish","format-standard","has-post-thumbnail","","category-noticias"],"jetpack_sharing_enabled":true,"jetpack_featured_media_url":"https:\/\/mickyandoniehn.com\/radio\/wp-content\/uploads\/2022\/08\/infectados-covid-original-R9hias.jpeg","_links":{"self":[{"href":"https:\/\/mickyandoniehn.com\/radio\/wp-json\/wp\/v2\/posts\/26506","targetHints":{"allow":["GET"]}}],"collection":[{"href":"https:\/\/mickyandoniehn.com\/radio\/wp-json\/wp\/v2\/posts"}],"about":[{"href":"https:\/\/mickyandoniehn.com\/radio\/wp-json\/wp\/v2\/types\/post"}],"replies":[{"embeddable":true,"href":"https:\/\/mickyandoniehn.com\/radio\/wp-json\/wp\/v2\/comments?post=26506"}],"version-history":[{"count":0,"href":"https:\/\/mickyandoniehn.com\/radio\/wp-json\/wp\/v2\/posts\/26506\/revisions"}],"wp:featuredmedia":[{"embeddable":true,"href":"https:\/\/mickyandoniehn.com\/radio\/wp-json\/wp\/v2\/media\/26507"}],"wp:attachment":[{"href":"https:\/\/mickyandoniehn.com\/radio\/wp-json\/wp\/v2\/media?parent=26506"}],"wp:term":[{"taxonomy":"category","embeddable":true,"href":"https:\/\/mickyandoniehn.com\/radio\/wp-json\/wp\/v2\/categories?post=26506"},{"taxonomy":"post_tag","embeddable":true,"href":"https:\/\/mickyandoniehn.com\/radio\/wp-json\/wp\/v2\/tags?post=26506"}],"curies":[{"name":"wp","href":"https:\/\/api.w.org\/{rel}","templated":true}]}}