{"id":25949,"date":"2022-08-13T08:12:57","date_gmt":"2022-08-13T14:12:57","guid":{"rendered":"http:\/\/mickyandoniehn.com\/radio\/2022\/08\/13\/aviones-militares-rusos-entran-en-la-zona-de-defensa-aerea-de-alaska-al-menos-3-veces-esta-semana\/"},"modified":"2022-08-13T08:12:57","modified_gmt":"2022-08-13T14:12:57","slug":"aviones-militares-rusos-entran-en-la-zona-de-defensa-aerea-de-alaska-al-menos-3-veces-esta-semana","status":"publish","type":"post","link":"https:\/\/mickyandoniehn.com\/radio\/2022\/08\/13\/aviones-militares-rusos-entran-en-la-zona-de-defensa-aerea-de-alaska-al-menos-3-veces-esta-semana\/","title":{"rendered":"Aviones militares rusos entran en la zona de defensa a\u00e9rea de Alaska al menos 3 veces esta semana"},"content":{"rendered":"<p><strong>Tegucigalpa,Honduras s\u00e1bado 13 agosto 2022<\/strong><\/p>\n<\/p>\n<p>La extensi\u00f3n de la <strong>guerra en Ucrania<\/strong> puede convertirse en un problema para<strong> Rusia,<\/strong> sometida a sanciones y a la presi\u00f3n social que suponen las bajas en la contienda. La inteligencia de EEUU asegura que Mosc\u00fa pierde cada d\u00eda alrededor de 500 efectivos, entre muertos y heridos.<\/p>\n<p>La tensi\u00f3n internacional mira este viernes tambi\u00e9n hacia Alaska. El <strong>Comando de Defensa Aeroespacial de Norteam\u00e9rica<\/strong> (NORAD, por sus siglas en ingl\u00e9s) ha revelado un tercer incidente de un avi\u00f3n militar ruso que vol\u00f3 hacia la zona de identificaci\u00f3n de defensa a\u00e9rea de Alaska (ADIZ) en plena <strong>guerra en Ucrania; <\/strong>fue en alg\u00fan momento entre el 8 y el 10 de agosto, seg\u00fan informa la CNN. Esta misma cadena habia informado el martes sobre dos incidentes de aviones militares rusos que volaron hacia el ADIZ de Alaska. El ADIZ es un espacio a\u00e9reo internacional adyacente a Alaska que se extiende en lugares a m\u00e1s de 100 millas (m\u00e1s de 160 kil\u00f3metros) del territorio estadounidense. El ej\u00e9rcito de EEUU inicia procedimientos de identificaci\u00f3n de aeronaves en ADIZ por razones de seguridad nacional.<\/p>\n<p><strong>Fuente:La Tribuna<\/strong><\/p>\n","protected":false},"excerpt":{"rendered":"<p>Tegucigalpa,Honduras s\u00e1bado 13 agosto 2022 La extensi\u00f3n de la guerra en Ucrania puede convertirse en un problema para Rusia, sometida a sanciones y a la presi\u00f3n social que suponen las bajas en la contienda. La inteligencia de EEUU asegura que Mosc\u00fa pierde cada d\u00eda alrededor de 500 efectivos, entre muertos y heridos. La tensi\u00f3n internacional &hellip;<\/p>\n","protected":false},"author":0,"featured_media":25950,"comment_status":"open","ping_status":"open","sticky":false,"template":"","format":"standard","meta":{"_jetpack_memberships_contains_paid_content":false,"footnotes":""},"categories":[5],"tags":[],"class_list":["post-25949","post","type-post","status-publish","format-standard","has-post-thumbnail","","category-noticias"],"jetpack_sharing_enabled":true,"jetpack_featured_media_url":"https:\/\/mickyandoniehn.com\/radio\/wp-content\/uploads\/2022\/08\/16603081313113-yfByA3.jpeg","_links":{"self":[{"href":"https:\/\/mickyandoniehn.com\/radio\/wp-json\/wp\/v2\/posts\/25949","targetHints":{"allow":["GET"]}}],"collection":[{"href":"https:\/\/mickyandoniehn.com\/radio\/wp-json\/wp\/v2\/posts"}],"about":[{"href":"https:\/\/mickyandoniehn.com\/radio\/wp-json\/wp\/v2\/types\/post"}],"replies":[{"embeddable":true,"href":"https:\/\/mickyandoniehn.com\/radio\/wp-json\/wp\/v2\/comments?post=25949"}],"version-history":[{"count":0,"href":"https:\/\/mickyandoniehn.com\/radio\/wp-json\/wp\/v2\/posts\/25949\/revisions"}],"wp:featuredmedia":[{"embeddable":true,"href":"https:\/\/mickyandoniehn.com\/radio\/wp-json\/wp\/v2\/media\/25950"}],"wp:attachment":[{"href":"https:\/\/mickyandoniehn.com\/radio\/wp-json\/wp\/v2\/media?parent=25949"}],"wp:term":[{"taxonomy":"category","embeddable":true,"href":"https:\/\/mickyandoniehn.com\/radio\/wp-json\/wp\/v2\/categories?post=25949"},{"taxonomy":"post_tag","embeddable":true,"href":"https:\/\/mickyandoniehn.com\/radio\/wp-json\/wp\/v2\/tags?post=25949"}],"curies":[{"name":"wp","href":"https:\/\/api.w.org\/{rel}","templated":true}]}}