{"id":25918,"date":"2022-08-13T07:12:39","date_gmt":"2022-08-13T13:12:39","guid":{"rendered":"https:\/\/mickyandoniehn.com\/radio\/2022\/08\/13\/odontologa-aprende-el-lenguaje-de-senas-para-atender-a-pacientes-con-problemas-auditivos\/"},"modified":"2022-08-13T07:12:39","modified_gmt":"2022-08-13T13:12:39","slug":"odontologa-aprende-el-lenguaje-de-senas-para-atender-a-pacientes-con-problemas-auditivos","status":"publish","type":"post","link":"https:\/\/mickyandoniehn.com\/radio\/2022\/08\/13\/odontologa-aprende-el-lenguaje-de-senas-para-atender-a-pacientes-con-problemas-auditivos\/","title":{"rendered":"Odont\u00f3loga aprende el lenguaje de se\u00f1as para atender a pacientes con problemas auditivos"},"content":{"rendered":"<p><strong>Tegucigalpa,Honduras s\u00e1bado 13 agosto<\/strong><strong>\u00a02022<\/strong><\/p>\n<\/p>\n<p>\u00a0<\/p>\n<p>Karla Galindo es una odont\u00f3loga que tiene 9 a\u00f1os de ejercer en esta profesi\u00f3n, sus atenciones en el \u00e1rea odontol\u00f3gica las desarrollaba de manera normal sin inconvenientes, hasta que un d\u00eda le lleg\u00f3 un paciente con discapacidad auditiva y se le hizo un poco dif\u00edcil atenderlo porque no pod\u00eda comunicarse con \u00e9l.<\/p>\n<p>Desde ese momento pens\u00f3 en que ten\u00eda que hacer algo para dar una excelente atenci\u00f3n a estas personas.<\/p>\n<p>Para Galindo, la inclusi\u00f3n con los que padecen alguna condici\u00f3n especial deber\u00eda de ser algo primordial en el pa\u00eds, por lo que decidi\u00f3 prepararse en el lenguaje de se\u00f1as para poder atender a los pacientes que presenten alguna dificultad para comunicarse.<\/p>\n<p>\u201cMir\u00e9 un anuncio de parte de la Municipalidad de San Pedro Sula que iban a impartir un taller sobre el lenguaje de se\u00f1as y decid\u00ed inscribirme para aprender y as\u00ed ayudar a otros, el curso dur\u00f3 cuatro meses y fue un aprendizaje intensivo\u201d.<\/p>\n<p>La especialista dijo que al inicio se le hizo f\u00e1cil, porque comenzaron con palabras simples, entre ellas el saludo, pero a medida avanzaban se fue haciendo muy dif\u00edcil, sin embargo, dijo que cuando hay inter\u00e9s se debe de esforzar m\u00e1s y fue as\u00ed que logr\u00f3 el objetivo de recibir los conocimientos.<\/p>\n<p>La doctora coment\u00f3 que era dif\u00edcil atender a este tipo de pacientes y casi siempre andan con un familiar o acompa\u00f1ante que trata de interpretar, pero no es lo mismo tener el conocimiento, ya que a veces las interpretaciones pueden ser err\u00f3neas a lo que interpretan las personas que los acompa\u00f1an.<\/p>\n<p>\u201cNo conozco la cifra exacta de cu\u00e1ntas personas en el pa\u00eds tienen problemas auditivos, pero al mes me llegan unas 10 personas que no escuchan y por lo general cuando esto sucede tampoco hablan, entonces es necesario recurrir a la preparaci\u00f3n porque se merecen una buena atenci\u00f3n\u201d.<\/p>\n<p>La especialista dijo que la inclusi\u00f3n es una necesidad b\u00e1sica y un derecho de la poblaci\u00f3n, por lo que en el consultorio tambi\u00e9n trabaja otra odont\u00f3loga que se prepara en el lenguaje de se\u00f1as, \u201csolo por no entender o no poder comunicarse, no significa que va a importar menos la higiene dental\u201d.<\/p>\n<p>La doctora Karla Galindo atiende a una de sus pacientes con problemas auditivos.<\/p>\n<p>Asegur\u00f3 que es necesario promover la inclusi\u00f3n con este tipo de condiciones, as\u00ed como la promueven para otros sectores de la sociedad.<\/p>\n<p>Los que viven con esta condici\u00f3n enfrentan graves problemas para desenvolverse en la sociedad, porque es dif\u00edcil detectar una fuente sonora, identificar un sonido, seguir una conversaci\u00f3n y sobre todo comprender.<\/p>\n<p><strong>OTRAS CAUSAS<\/strong><\/p>\n<p>Galindo revel\u00f3 que otra de las causas que la motiv\u00f3 a especializarse en el lenguaje de se\u00f1as fue porque tiene una sobrina con s\u00edndrome de Down y este aprendizaje facilita la comunicaci\u00f3n con los que padecen esta condici\u00f3n o los que tienen s\u00edndrome de Down o alg\u00fan tipo de autismo.<\/p>\n<p>\u201cPor todos los que viven con estas condiciones es importante que manejemos este tipo de lenguaje inclusivo y ellos se siente parte de la sociedad porque en muchos casos son rechazados\u201d.<\/p>\n<p><strong>CONCEPTO<\/strong><\/p>\n<p>La discapacidad auditiva es la falta, disminuci\u00f3n o p\u00e9rdida de la capacidad para o\u00edr en alg\u00fan lugar del aparato auditivo y no se aprecia porque carece de caracter\u00edsticas f\u00edsicas que la evidencien.<\/p>\n<p>Escuchar es uno de los cinco sentidos, sin embargo, muchas personas nacen o adquieren una discapacidad auditiva por diversas circunstancias.<\/p>\n<p>Las causas pueden ser cong\u00e9nita, hereditaria o gen\u00e9tica, siendo esta la m\u00e1s importante y poco previsible; tambi\u00e9n se adquiere por problemas de partos anormales, causa fetal o materna; por otitis media y meningitis bacteriana, que producen un deterioro paulatino de la audici\u00f3n o por ruidos de alta intensidad.<\/p>\n<p><strong>Fuente:La Tribuna<\/strong><\/p>\n","protected":false},"excerpt":{"rendered":"<p>Tegucigalpa,Honduras s\u00e1bado 13 agosto\u00a02022 \u00a0 Karla Galindo es una odont\u00f3loga que tiene 9 a\u00f1os de ejercer en esta profesi\u00f3n, sus atenciones en el \u00e1rea odontol\u00f3gica las desarrollaba de manera normal sin inconvenientes, hasta que un d\u00eda le lleg\u00f3 un paciente con discapacidad auditiva y se le hizo un poco dif\u00edcil atenderlo porque no pod\u00eda comunicarse &hellip;<\/p>\n","protected":false},"author":0,"featured_media":25919,"comment_status":"open","ping_status":"open","sticky":false,"template":"","format":"standard","meta":{"_jetpack_memberships_contains_paid_content":false,"footnotes":""},"categories":[5],"tags":[],"class_list":["post-25918","post","type-post","status-publish","format-standard","has-post-thumbnail","","category-noticias"],"jetpack_sharing_enabled":true,"jetpack_featured_media_url":"https:\/\/mickyandoniehn.com\/radio\/wp-content\/uploads\/2022\/08\/Unknown-57-Ik5kHq.jpeg","_links":{"self":[{"href":"https:\/\/mickyandoniehn.com\/radio\/wp-json\/wp\/v2\/posts\/25918","targetHints":{"allow":["GET"]}}],"collection":[{"href":"https:\/\/mickyandoniehn.com\/radio\/wp-json\/wp\/v2\/posts"}],"about":[{"href":"https:\/\/mickyandoniehn.com\/radio\/wp-json\/wp\/v2\/types\/post"}],"replies":[{"embeddable":true,"href":"https:\/\/mickyandoniehn.com\/radio\/wp-json\/wp\/v2\/comments?post=25918"}],"version-history":[{"count":0,"href":"https:\/\/mickyandoniehn.com\/radio\/wp-json\/wp\/v2\/posts\/25918\/revisions"}],"wp:featuredmedia":[{"embeddable":true,"href":"https:\/\/mickyandoniehn.com\/radio\/wp-json\/wp\/v2\/media\/25919"}],"wp:attachment":[{"href":"https:\/\/mickyandoniehn.com\/radio\/wp-json\/wp\/v2\/media?parent=25918"}],"wp:term":[{"taxonomy":"category","embeddable":true,"href":"https:\/\/mickyandoniehn.com\/radio\/wp-json\/wp\/v2\/categories?post=25918"},{"taxonomy":"post_tag","embeddable":true,"href":"https:\/\/mickyandoniehn.com\/radio\/wp-json\/wp\/v2\/tags?post=25918"}],"curies":[{"name":"wp","href":"https:\/\/api.w.org\/{rel}","templated":true}]}}