{"id":25320,"date":"2022-08-10T07:13:03","date_gmt":"2022-08-10T13:13:03","guid":{"rendered":"http:\/\/mickyandoniehn.com\/radio\/2022\/08\/10\/la-historia-del-mundo-y-honduras-591\/"},"modified":"2022-08-10T07:13:03","modified_gmt":"2022-08-10T13:13:03","slug":"la-historia-del-mundo-y-honduras-591","status":"publish","type":"post","link":"https:\/\/mickyandoniehn.com\/radio\/2022\/08\/10\/la-historia-del-mundo-y-honduras-591\/","title":{"rendered":"La Historia del Mundo y Honduras"},"content":{"rendered":"<\/p>\n<p>10.AGO.0843<br \/>\nEl Tratado de Verd\u00fan divide el imperio, determina la Europa Moderna<\/p>\n<p>En un d\u00eda como hoy en el a\u00f1o 843, se firm\u00f3 el Tratado de Verd\u00fan, que dividi\u00f3 al poderoso imperio Carolingio de Carlomagno entre sus tres nietos y finaliz\u00f3 la Guerra Civil Carolingia de tres a\u00f1os, anunciando la formaci\u00f3n de los pa\u00edses modernos de Europa Occidental. Luego de la muerte de Carlomagno, su hijo Luis el Piadoso asumi\u00f3 el control, primero como Rey de Aquitania, luego como Santo Emperador Romano y Rey de los Francos. Fue cuando Luis falleci\u00f3 que las cuestiones se tornaron contenciosas. Luis ten\u00eda tres hijos, Lothair I, Luis el Alem\u00e1n y Carlos el Calvo. Adhiri\u00e9ndose a la vieja costumbre franquista que admit\u00eda la herencia partible o divisible en lugar de la primogenitura (herencia del hijo mayor), Luis intent\u00f3 dividir el imperio en partes iguales entre sus tres hijos. El 10 de agosto de 843, los tres hermanos se reunieron en Verd\u00fan y finalmente acordaron dividir el imperio en tres reinos de igual dimensi\u00f3n. Carlos el Calvo recibi\u00f3 el Reino Franco Occidental, que al final se convirti\u00f3 en Francia; Luis el Alem\u00e1n recibi\u00f3 el Reino Franco Oriental, que luego se convirti\u00f3 en Alemania; y Lothair I fue reconocido como emperador y recibi\u00f3 el territorio medio que se extend\u00eda desde los Pa\u00edses Bajos hasta el norte de Italia, que luego se formar\u00eda en partes de la B\u00e9lgica Moderna, Holanda, Suiza y una gran parte de Italia. La divisi\u00f3n de las tierras marc\u00f3 el comienzo de la decadencia del imperio de Carlomagno y el comienzo de un per\u00edodo de conflictos en Europa que finalizar\u00edan con la formaci\u00f3n de las naciones-estados modernos europeos<\/p>\n","protected":false},"excerpt":{"rendered":"<p>10.AGO.0843 El Tratado de Verd\u00fan divide el imperio, determina la Europa Moderna En un d\u00eda como hoy en el a\u00f1o 843, se firm\u00f3 el Tratado de Verd\u00fan, que dividi\u00f3 al poderoso imperio Carolingio de Carlomagno entre sus tres nietos y finaliz\u00f3 la Guerra Civil Carolingia de tres a\u00f1os, anunciando la formaci\u00f3n de los pa\u00edses modernos &hellip;<\/p>\n","protected":false},"author":0,"featured_media":25321,"comment_status":"open","ping_status":"open","sticky":false,"template":"","format":"standard","meta":{"_jetpack_memberships_contains_paid_content":false,"footnotes":""},"categories":[5],"tags":[],"class_list":["post-25320","post","type-post","status-publish","format-standard","has-post-thumbnail","","category-noticias"],"jetpack_sharing_enabled":true,"jetpack_featured_media_url":"https:\/\/mickyandoniehn.com\/radio\/wp-content\/uploads\/2022\/08\/10-de-Agosto-0843-El-Tratado-de-VerdC3BAn-divide-el-imperio-determina-la-Europa-Moderna-NrNRmP.jpeg","_links":{"self":[{"href":"https:\/\/mickyandoniehn.com\/radio\/wp-json\/wp\/v2\/posts\/25320","targetHints":{"allow":["GET"]}}],"collection":[{"href":"https:\/\/mickyandoniehn.com\/radio\/wp-json\/wp\/v2\/posts"}],"about":[{"href":"https:\/\/mickyandoniehn.com\/radio\/wp-json\/wp\/v2\/types\/post"}],"replies":[{"embeddable":true,"href":"https:\/\/mickyandoniehn.com\/radio\/wp-json\/wp\/v2\/comments?post=25320"}],"version-history":[{"count":0,"href":"https:\/\/mickyandoniehn.com\/radio\/wp-json\/wp\/v2\/posts\/25320\/revisions"}],"wp:featuredmedia":[{"embeddable":true,"href":"https:\/\/mickyandoniehn.com\/radio\/wp-json\/wp\/v2\/media\/25321"}],"wp:attachment":[{"href":"https:\/\/mickyandoniehn.com\/radio\/wp-json\/wp\/v2\/media?parent=25320"}],"wp:term":[{"taxonomy":"category","embeddable":true,"href":"https:\/\/mickyandoniehn.com\/radio\/wp-json\/wp\/v2\/categories?post=25320"},{"taxonomy":"post_tag","embeddable":true,"href":"https:\/\/mickyandoniehn.com\/radio\/wp-json\/wp\/v2\/tags?post=25320"}],"curies":[{"name":"wp","href":"https:\/\/api.w.org\/{rel}","templated":true}]}}