{"id":25318,"date":"2022-08-10T07:13:02","date_gmt":"2022-08-10T13:13:02","guid":{"rendered":"http:\/\/mickyandoniehn.com\/radio\/2022\/08\/10\/la-historia-del-mundo-y-honduras-590\/"},"modified":"2022-08-10T07:13:02","modified_gmt":"2022-08-10T13:13:02","slug":"la-historia-del-mundo-y-honduras-590","status":"publish","type":"post","link":"https:\/\/mickyandoniehn.com\/radio\/2022\/08\/10\/la-historia-del-mundo-y-honduras-590\/","title":{"rendered":"La Historia del Mundo y Honduras"},"content":{"rendered":"<\/p>\n<p>10.AGO.1937<br \/>\nSe patenta la primera guitarra el\u00e9ctrica<\/p>\n<p>Vers\u00e1til, de bajo costo y relativamente f\u00e1cil de tocar, la guitarra ac\u00fastica era un elemento b\u00e1sico de la m\u00fasica rural de Am\u00e9rica en el siglo XX. Sin embargo, una limitaci\u00f3n f\u00edsica importante la relegaba en conjuntos compuestos por metales, percusi\u00f3n e instrumentos de cuerda orquestales: su volumen era demasiado bajo. Lo que transforma la guitarra y su lugar en la m\u00fasica popular, fue el desarrollo de un m\u00e9todo para transformar el sonido de una cuerda de guitarra que vibra en una se\u00f1al el\u00e9ctrica que podr\u00eda ser amplificada y volver a convertirlo en sonido audible en un volumen mucho mayor. La guitarra el\u00e9ctrica, el instrumento que revolucion\u00f3 el jazz, el blues y la m\u00fasica country y fund\u00f3 el rock and roll, fue reconocida por la Oficina de Patentes de los Estados Unidos en este d\u00eda en 1937, con la concesi\u00f3n de la patente n\u00famero 2,089.171 a GD Beauchamp<\/p>\n<p>\u00a0<\/p>\n","protected":false},"excerpt":{"rendered":"<p>10.AGO.1937 Se patenta la primera guitarra el\u00e9ctrica Vers\u00e1til, de bajo costo y relativamente f\u00e1cil de tocar, la guitarra ac\u00fastica era un elemento b\u00e1sico de la m\u00fasica rural de Am\u00e9rica en el siglo XX. Sin embargo, una limitaci\u00f3n f\u00edsica importante la relegaba en conjuntos compuestos por metales, percusi\u00f3n e instrumentos de cuerda orquestales: su volumen era &hellip;<\/p>\n","protected":false},"author":0,"featured_media":25319,"comment_status":"open","ping_status":"open","sticky":false,"template":"","format":"standard","meta":{"_jetpack_memberships_contains_paid_content":false,"footnotes":""},"categories":[5],"tags":[],"class_list":["post-25318","post","type-post","status-publish","format-standard","has-post-thumbnail","","category-noticias"],"jetpack_sharing_enabled":true,"jetpack_featured_media_url":"https:\/\/mickyandoniehn.com\/radio\/wp-content\/uploads\/2022\/08\/10-de-Agosto-1937-Se-patenta-le-primera-guitarra-elC3A9ctrica-4O1z7A.jpeg","_links":{"self":[{"href":"https:\/\/mickyandoniehn.com\/radio\/wp-json\/wp\/v2\/posts\/25318","targetHints":{"allow":["GET"]}}],"collection":[{"href":"https:\/\/mickyandoniehn.com\/radio\/wp-json\/wp\/v2\/posts"}],"about":[{"href":"https:\/\/mickyandoniehn.com\/radio\/wp-json\/wp\/v2\/types\/post"}],"replies":[{"embeddable":true,"href":"https:\/\/mickyandoniehn.com\/radio\/wp-json\/wp\/v2\/comments?post=25318"}],"version-history":[{"count":0,"href":"https:\/\/mickyandoniehn.com\/radio\/wp-json\/wp\/v2\/posts\/25318\/revisions"}],"wp:featuredmedia":[{"embeddable":true,"href":"https:\/\/mickyandoniehn.com\/radio\/wp-json\/wp\/v2\/media\/25319"}],"wp:attachment":[{"href":"https:\/\/mickyandoniehn.com\/radio\/wp-json\/wp\/v2\/media?parent=25318"}],"wp:term":[{"taxonomy":"category","embeddable":true,"href":"https:\/\/mickyandoniehn.com\/radio\/wp-json\/wp\/v2\/categories?post=25318"},{"taxonomy":"post_tag","embeddable":true,"href":"https:\/\/mickyandoniehn.com\/radio\/wp-json\/wp\/v2\/tags?post=25318"}],"curies":[{"name":"wp","href":"https:\/\/api.w.org\/{rel}","templated":true}]}}